{"id":8318,"date":"2025-03-07T09:47:58","date_gmt":"2025-03-07T08:47:58","guid":{"rendered":"https:\/\/jfb-stiftung.de\/st-paulus-stift-herxheim\/?p=8318"},"modified":"2025-03-07T09:48:00","modified_gmt":"2025-03-07T08:48:00","slug":"faschingsverein-nimmt-bewohner-mit-auf-den-umzug","status":"publish","type":"post","link":"https:\/\/jfb-stiftung.de\/st-paulus-stift-herxheim\/faschingsverein-nimmt-bewohner-mit-auf-den-umzug\/","title":{"rendered":"Faschingsverein nimmt Bewohner mit auf den Umzug"},"content":{"rendered":"<p>Beim gr\u00f6\u00dften Faschingsumzug in der Region in Herxheim, der am 04.03.2025 stattfand, hatte der Faschingsverein Birnenseggel zwei neue Mitl\u00e4ufer mit dabei. Marcel und Leonie, die im St. Paulus Stift leben, hatten dank dem Engagement einer Mitarbeiterin und der sofortigen Zustimmung des Vorstands der Birnenseggel die M\u00f6glichkeit mitzulaufen. Und zwar nicht irgendwo mal kurz oder abseits, \u201ewenn dann richtig\u201c, so der ca. 100 Mitglieder starke Verein und machte alles m\u00f6glich f\u00fcr die beiden was ging. Zusammen mit Mitarbeiterin Ramona Ohmer, die seit sechs Jahren in der Tagesf\u00f6rderst\u00e4tte im Stift arbeitet und selbst Mitglied bei den Birnenseggel ist, ging es am Faschingsdienstag fr\u00fch morgens los. \u201eTraditionell treffen sich alle zum gemeinsamen Bratwurst-Essen und Einstimmen auf den Umzug\u201c, erkl\u00e4rt Ramona. \u201eMir war es wichtig, dass beide so viel wie m\u00f6glich erleben vom Faschingsumzug und sie von Anfang an dabei sind.\u201c Locker und l\u00e4ssig wurden sie gleich von den Birnensegglern integriert. Marcel erkl\u00e4rte Ramona nach kurzer Zeit: \u201eSo, ich habe mir hier alles angeschaut und mir gef\u00e4llt es richtig gut. Es kann losgehen.\u201c Selbstverst\u00e4ndlich hatten beide auch, wie alle anderen Mitglieder, die aufwendigen Unterwasser-Anz\u00fcge an. Denn das Motto hie\u00df in diesem Jahr: \u201eBirnenseggel unterm Meer\u201c. Marcel als Wassermann und Leonie als Meerjungfrau. Keine Frage f\u00fcr den Verein, dass er alle Kosten f\u00fcr die beiden, die sich mit den Kost\u00fcmen auf insgesamt 160\u20ac beliefen, \u00fcbernimmt. Dank des Sonnenscheins glitzerten und leuchteten die blauschimmernden Anz\u00fcge von allen Seiten. Ein gro\u00dfes Strahlen auch auf den Gesichtern der beiden Paulusstiftler. Bestens gelaunt verteilten sie Give-Aways wie Nudeln und Bonbons an die zahlreichen Zuschauer am Stra\u00dfenrand und gr\u00fc\u00dften herzlich mit einem traditionellen \u201eHelau\u201c. Die Bedenken, die die Mitarbeiterin im Vorfeld hatte, was die Anstrengung f\u00fcr die beiden, den Trubel oder auch die Resonanz des Publikums anging waren alle, zum Gl\u00fcck, v\u00f6llig unbegr\u00fcndet. \u201eEs war \u00fcberw\u00e4ltigend. Ich kann die durchweg positiven Reaktionen gar nicht in Worte fassen. Unbeschreiblich wie viel sch\u00f6ne Sachen gesagt wurden und wie toll Marcel und Leonie \u00fcberall aufgenommen wurden, von den Mitgliedern und vom Publikum\u201c, berichtet Ramona ebenso strahlend. Unterst\u00fctzung bei der Begleitung der Bewohner erhielt Ramona dann auch noch spontan von einer Mitarbeiterin aus der Seniorengruppe Gabi Leonhart, die gerne unterst\u00fctzte. Herzlichen Dank an sie. Zu all diesem sch\u00f6nen Feedback und den unvergesslichen Erlebnissen gab es noch ein Sahneh\u00e4ubchen obendrauf: Die Birnenseggel belegten in der Kategorie \u201eWagen mit Fu\u00dftruppe\u201c den ersten Platz. Von uns gibt es auch die Goldmedaille f\u00fcr so viel Engagement und Herz: Besten dank an alle Vereinsmitglieder, die unseren Bewohnern dies m\u00f6glich machten und insbesondere auch an Mitarbeiterin Ramona ohne die dies alles nicht m\u00f6glich gewesen w\u00e4re.<\/p>\n\n\t\t<style type=\"text\/css\">\n\t\t\t#gallery-1 {\n\t\t\t\tmargin: auto;\n\t\t\t}\n\t\t\t#gallery-1 .gallery-item {\n\t\t\t\tfloat: left;\n\t\t\t\tmargin-top: 10px;\n\t\t\t\ttext-align: center;\n\t\t\t\twidth: 16%;\n\t\t\t}\n\t\t\t#gallery-1 img {\n\t\t\t\tborder: 2px solid #cfcfcf;\n\t\t\t}\n\t\t\t#gallery-1 .gallery-caption {\n\t\t\t\tmargin-left: 0;\n\t\t\t}\n\t\t\t\/* see gallery_shortcode() in wp-includes\/media.php *\/\n\t\t<\/style>\n\t\t<div id='gallery-1' class='gallery galleryid-8318 gallery-columns-6 gallery-size-thumbnail'><dl class='gallery-item'>\n\t\t\t<dt class='gallery-icon landscape'>\n\t\t\t\t<a href='https:\/\/jfb-stiftung.de\/st-paulus-stift-herxheim\/faschingsverein-nimmt-bewohner-mit-auf-den-umzug\/shared-image-2025-03-05t105416-681\/'><img fetchpriority=\"high\" decoding=\"async\" width=\"500\" height=\"500\" src=\"https:\/\/jfb-stiftung.de\/st-paulus-stift-herxheim\/wp-content\/uploads\/sites\/3\/2025\/03\/shared-image-2025-03-05T105416.681-500x500.jpg\" class=\"attachment-thumbnail size-thumbnail\" alt=\"\"><\/a>\n\t\t\t<\/dt><\/dl><dl class='gallery-item'>\n\t\t\t<dt class='gallery-icon portrait'>\n\t\t\t\t<a href='https:\/\/jfb-stiftung.de\/st-paulus-stift-herxheim\/faschingsverein-nimmt-bewohner-mit-auf-den-umzug\/faschingsumzug-website-2\/'><img decoding=\"async\" width=\"500\" height=\"500\" src=\"https:\/\/jfb-stiftung.de\/st-paulus-stift-herxheim\/wp-content\/uploads\/sites\/3\/2025\/03\/Faschingsumzug-Website-2-500x500.jpg\" class=\"attachment-thumbnail size-thumbnail\" alt=\"\"><\/a>\n\t\t\t<\/dt><\/dl><dl class='gallery-item'>\n\t\t\t<dt class='gallery-icon portrait'>\n\t\t\t\t<a href='https:\/\/jfb-stiftung.de\/st-paulus-stift-herxheim\/faschingsverein-nimmt-bewohner-mit-auf-den-umzug\/faschingsumzug-mitteilungsblatt-mit-vorstand-beschnitt\/'><img decoding=\"async\" width=\"500\" height=\"500\" src=\"https:\/\/jfb-stiftung.de\/st-paulus-stift-herxheim\/wp-content\/uploads\/sites\/3\/2025\/03\/Faschingsumzug-Mitteilungsblatt-mit-Vorstand-Beschnitt-500x500.jpg\" class=\"attachment-thumbnail size-thumbnail\" alt=\"\"><\/a>\n\t\t\t<\/dt><\/dl><dl class='gallery-item'>\n\t\t\t<dt class='gallery-icon landscape'>\n\t\t\t\t<a href='https:\/\/jfb-stiftung.de\/st-paulus-stift-herxheim\/faschingsverein-nimmt-bewohner-mit-auf-den-umzug\/bewohner-auf-faschingsumzug-2\/'><img loading=\"lazy\" decoding=\"async\" width=\"500\" height=\"500\" src=\"https:\/\/jfb-stiftung.de\/st-paulus-stift-herxheim\/wp-content\/uploads\/sites\/3\/2025\/03\/Bewohner-auf-Faschingsumzug-2-500x500.jpg\" class=\"attachment-thumbnail size-thumbnail\" alt=\"\"><\/a>\n\t\t\t<\/dt><\/dl><dl class='gallery-item'>\n\t\t\t<dt class='gallery-icon portrait'>\n\t\t\t\t<a href='https:\/\/jfb-stiftung.de\/st-paulus-stift-herxheim\/faschingsverein-nimmt-bewohner-mit-auf-den-umzug\/bewohner-auf-faschingsumzug-5\/'><img loading=\"lazy\" decoding=\"async\" width=\"500\" height=\"500\" src=\"https:\/\/jfb-stiftung.de\/st-paulus-stift-herxheim\/wp-content\/uploads\/sites\/3\/2025\/03\/Bewohner-auf-Faschingsumzug-5-500x500.jpg\" class=\"attachment-thumbnail size-thumbnail\" alt=\"\"><\/a>\n\t\t\t<\/dt><\/dl><dl class='gallery-item'>\n\t\t\t<dt class='gallery-icon landscape'>\n\t\t\t\t<a href='https:\/\/jfb-stiftung.de\/st-paulus-stift-herxheim\/faschingsverein-nimmt-bewohner-mit-auf-den-umzug\/bewohner-auf-faschingsumzug-1\/'><img loading=\"lazy\" decoding=\"async\" width=\"500\" height=\"500\" src=\"https:\/\/jfb-stiftung.de\/st-paulus-stift-herxheim\/wp-content\/uploads\/sites\/3\/2025\/03\/Bewohner-auf-Faschingsumzug-1-500x500.jpg\" class=\"attachment-thumbnail size-thumbnail\" alt=\"\"><\/a>\n\t\t\t<\/dt><\/dl><br style=\"clear: both\" \/>\n\t\t<\/div>\n\n","protected":false},"excerpt":{"rendered":"<p>Beim gr\u00f6\u00dften Faschingsumzug in der Region in Herxheim, der am 04.03.2025 stattfand, hatte der Faschingsverein Birnenseggel zwei neue Mitl\u00e4ufer mit dabei. Marcel und Leonie, die im St. Paulus Stift leben, \u2026<\/p>\n","protected":false},"author":2,"featured_media":8326,"comment_status":"closed","ping_status":"closed","sticky":false,"template":"","format":"standard","meta":{"_acf_changed":false,"footnotes":""},"categories":[32],"tags":[],"class_list":["post-8318","post","type-post","status-publish","format-standard","has-post-thumbnail","hentry","category-st-paulus-stift-herxheim-news"],"acf":[],"publishpress_future_action":{"enabled":false,"date":"2026-05-04 00:04:50","action":"change-status","newStatus":"draft","terms":[],"taxonomy":"category","extraData":[]},"publishpress_future_workflow_manual_trigger":{"enabledWorkflows":[]},"_links":{"self":[{"href":"https:\/\/jfb-stiftung.de\/st-paulus-stift-herxheim\/wp-json\/wp\/v2\/posts\/8318","targetHints":{"allow":["GET"]}}],"collection":[{"href":"https:\/\/jfb-stiftung.de\/st-paulus-stift-herxheim\/wp-json\/wp\/v2\/posts"}],"about":[{"href":"https:\/\/jfb-stiftung.de\/st-paulus-stift-herxheim\/wp-json\/wp\/v2\/types\/post"}],"author":[{"embeddable":true,"href":"https:\/\/jfb-stiftung.de\/st-paulus-stift-herxheim\/wp-json\/wp\/v2\/users\/2"}],"replies":[{"embeddable":true,"href":"https:\/\/jfb-stiftung.de\/st-paulus-stift-herxheim\/wp-json\/wp\/v2\/comments?post=8318"}],"version-history":[{"count":0,"href":"https:\/\/jfb-stiftung.de\/st-paulus-stift-herxheim\/wp-json\/wp\/v2\/posts\/8318\/revisions"}],"wp:featuredmedia":[{"embeddable":true,"href":"https:\/\/jfb-stiftung.de\/st-paulus-stift-herxheim\/wp-json\/wp\/v2\/media\/8326"}],"wp:attachment":[{"href":"https:\/\/jfb-stiftung.de\/st-paulus-stift-herxheim\/wp-json\/wp\/v2\/media?parent=8318"}],"wp:term":[{"taxonomy":"category","embeddable":true,"href":"https:\/\/jfb-stiftung.de\/st-paulus-stift-herxheim\/wp-json\/wp\/v2\/categories?post=8318"},{"taxonomy":"post_tag","embeddable":true,"href":"https:\/\/jfb-stiftung.de\/st-paulus-stift-herxheim\/wp-json\/wp\/v2\/tags?post=8318"}],"curies":[{"name":"wp","href":"https:\/\/api.w.org\/{rel}","templated":true}]}}