{"id":8194,"date":"2025-01-16T10:55:24","date_gmt":"2025-01-16T09:55:24","guid":{"rendered":"https:\/\/jfb-stiftung.de\/st-paulus-stift-herxheim\/gute-stimmung-beim-neujahrsempfang\/"},"modified":"2025-01-20T08:38:37","modified_gmt":"2025-01-20T07:38:37","slug":"gute-stimmung-beim-neujahrsempfang","status":"publish","type":"post","link":"https:\/\/jfb-stiftung.de\/st-paulus-stift-herxheim\/gute-stimmung-beim-neujahrsempfang\/","title":{"rendered":"Gute Stimmung beim Neujahrsempfang"},"content":{"rendered":"<p>Mit vielen Programmpunkten, die zum Mitlachen einluden, fand am Mittwoch, den 15.01.2025 der Neujahrsempfang in der Festhalle in Herxheim statt. Die rund 220 Mitarbeiter*innen durften sich unter anderem \u00fcber eine Mitmachaktion &#8222;Lachyoga&#8220; freuen, einen witzigen Film \u00fcber die Highlights des St. Paulus Stifts aus dem vergangenen Jahr auf der Leinwand anschauen (der die Lachmuskeln ebenfalls beanspruchte &#8211; besten Dank an Pfarrer Steffen Roth, der diesen Film wieder einmal m\u00f6glich gemacht hat), einen ber\u00fchrenden Jahresr\u00fcckblick in Bilder, (der von der Gesch\u00e4ftsbereichsleiterin erstellt wurde) und auch einen wunderbar lebendigen Er\u00f6ffnungsgottesdienst, der musikalisch vom Mitarbeiterchor begleitet wurde, freuen. Zudem wurden zwei Reden gehalten, zum einen von der Vorst\u00e4ndin der Jacob Friedrich Bussereau Stiftung Christa Lichtenegger und zum anderen von der Gesch\u00e4ftsbereichsleiterin des St. Paulus Stifts Natascha Lettner.\u00a0 Darin wurde f\u00fcr das Geleistete im zur\u00fcckliegenden Jahr gedankt und ein Ausblick auf das begonnene neue Jahr gegeben. Ein rundum gelungener Start ins neue Jahr bei dem das Lachen nicht zu kurz kam.<\/p>\n\n\t\t<style type=\"text\/css\">\n\t\t\t#gallery-1 {\n\t\t\t\tmargin: auto;\n\t\t\t}\n\t\t\t#gallery-1 .gallery-item {\n\t\t\t\tfloat: left;\n\t\t\t\tmargin-top: 10px;\n\t\t\t\ttext-align: center;\n\t\t\t\twidth: 20%;\n\t\t\t}\n\t\t\t#gallery-1 img {\n\t\t\t\tborder: 2px solid #cfcfcf;\n\t\t\t}\n\t\t\t#gallery-1 .gallery-caption {\n\t\t\t\tmargin-left: 0;\n\t\t\t}\n\t\t\t\/* see gallery_shortcode() in wp-includes\/media.php *\/\n\t\t<\/style>\n\t\t<div id='gallery-1' class='gallery galleryid-8194 gallery-columns-5 gallery-size-thumbnail'><dl class='gallery-item'>\n\t\t\t<dt class='gallery-icon landscape'>\n\t\t\t\t<a href='https:\/\/jfb-stiftung.de\/st-paulus-stift-herxheim\/gute-stimmung-beim-neujahrsempfang\/gruppenbild-taf-7\/'><img fetchpriority=\"high\" decoding=\"async\" width=\"500\" height=\"500\" src=\"https:\/\/jfb-stiftung.de\/st-paulus-stift-herxheim\/wp-content\/uploads\/sites\/3\/2025\/01\/Gruppenbild-Taf-7-500x500.jpg\" class=\"attachment-thumbnail size-thumbnail\" alt=\"\"><\/a>\n\t\t\t<\/dt><\/dl><dl class='gallery-item'>\n\t\t\t<dt class='gallery-icon landscape'>\n\t\t\t\t<a href='https:\/\/jfb-stiftung.de\/st-paulus-stift-herxheim\/gute-stimmung-beim-neujahrsempfang\/gruppenbild-mitarbeiter\/'><img decoding=\"async\" width=\"500\" height=\"500\" src=\"https:\/\/jfb-stiftung.de\/st-paulus-stift-herxheim\/wp-content\/uploads\/sites\/3\/2025\/01\/Gruppenbild-Mitarbeiter-500x500.jpg\" class=\"attachment-thumbnail size-thumbnail\" alt=\"\"><\/a>\n\t\t\t<\/dt><\/dl><dl class='gallery-item'>\n\t\t\t<dt class='gallery-icon landscape'>\n\t\t\t\t<a href='https:\/\/jfb-stiftung.de\/st-paulus-stift-herxheim\/gute-stimmung-beim-neujahrsempfang\/gruppenbild-hauswirtschaft\/'><img decoding=\"async\" width=\"500\" height=\"500\" src=\"https:\/\/jfb-stiftung.de\/st-paulus-stift-herxheim\/wp-content\/uploads\/sites\/3\/2025\/01\/Gruppenbild-Hauswirtschaft-500x500.jpg\" class=\"attachment-thumbnail size-thumbnail\" alt=\"\"><\/a>\n\t\t\t<\/dt><\/dl><dl class='gallery-item'>\n\t\t\t<dt class='gallery-icon landscape'>\n\t\t\t\t<a href='https:\/\/jfb-stiftung.de\/st-paulus-stift-herxheim\/dreierbild\/'><img loading=\"lazy\" decoding=\"async\" width=\"500\" height=\"500\" src=\"https:\/\/jfb-stiftung.de\/st-paulus-stift-herxheim\/wp-content\/uploads\/sites\/3\/2023\/07\/Dreierbild-500x500.jpg\" class=\"attachment-thumbnail size-thumbnail\" alt=\"\"><\/a>\n\t\t\t<\/dt><\/dl><dl class='gallery-item'>\n\t\t\t<dt class='gallery-icon landscape'>\n\t\t\t\t<a href='https:\/\/jfb-stiftung.de\/st-paulus-stift-herxheim\/gute-stimmung-beim-neujahrsempfang\/ip-tisch\/'><img loading=\"lazy\" decoding=\"async\" width=\"500\" height=\"500\" src=\"https:\/\/jfb-stiftung.de\/st-paulus-stift-herxheim\/wp-content\/uploads\/sites\/3\/2025\/01\/IP-Tisch-500x500.jpg\" class=\"attachment-thumbnail size-thumbnail\" alt=\"\"><\/a>\n\t\t\t<\/dt><\/dl><br style=\"clear: both\" \/>\n\t\t<\/div>\n\n\n\t\t<style type=\"text\/css\">\n\t\t\t#gallery-2 {\n\t\t\t\tmargin: auto;\n\t\t\t}\n\t\t\t#gallery-2 .gallery-item {\n\t\t\t\tfloat: left;\n\t\t\t\tmargin-top: 10px;\n\t\t\t\ttext-align: center;\n\t\t\t\twidth: 16%;\n\t\t\t}\n\t\t\t#gallery-2 img {\n\t\t\t\tborder: 2px solid #cfcfcf;\n\t\t\t}\n\t\t\t#gallery-2 .gallery-caption {\n\t\t\t\tmargin-left: 0;\n\t\t\t}\n\t\t\t\/* see gallery_shortcode() in wp-includes\/media.php *\/\n\t\t<\/style>\n\t\t<div id='gallery-2' class='gallery galleryid-8194 gallery-columns-6 gallery-size-thumbnail'><dl class='gallery-item'>\n\t\t\t<dt class='gallery-icon landscape'>\n\t\t\t\t<a href='https:\/\/jfb-stiftung.de\/st-paulus-stift-herxheim\/gute-stimmung-beim-neujahrsempfang\/rede_natascha\/'><img loading=\"lazy\" decoding=\"async\" width=\"500\" height=\"500\" src=\"https:\/\/jfb-stiftung.de\/st-paulus-stift-herxheim\/wp-content\/uploads\/sites\/3\/2025\/01\/Rede_Natascha-500x500.jpg\" class=\"attachment-thumbnail size-thumbnail\" alt=\"\"><\/a>\n\t\t\t<\/dt><\/dl><dl class='gallery-item'>\n\t\t\t<dt class='gallery-icon landscape'>\n\t\t\t\t<a href='https:\/\/jfb-stiftung.de\/st-paulus-stift-herxheim\/gute-stimmung-beim-neujahrsempfang\/rede-frau-lichtenegger\/'><img loading=\"lazy\" decoding=\"async\" width=\"500\" height=\"500\" src=\"https:\/\/jfb-stiftung.de\/st-paulus-stift-herxheim\/wp-content\/uploads\/sites\/3\/2025\/01\/Rede-Frau-Lichtenegger-500x500.jpg\" class=\"attachment-thumbnail size-thumbnail\" alt=\"\"><\/a>\n\t\t\t<\/dt><\/dl><dl class='gallery-item'>\n\t\t\t<dt class='gallery-icon landscape'>\n\t\t\t\t<a href='https:\/\/jfb-stiftung.de\/st-paulus-stift-herxheim\/gute-stimmung-beim-neujahrsempfang\/gruppenbild-saal\/'><img loading=\"lazy\" decoding=\"async\" width=\"500\" height=\"500\" src=\"https:\/\/jfb-stiftung.de\/st-paulus-stift-herxheim\/wp-content\/uploads\/sites\/3\/2025\/01\/Gruppenbild-Saal-500x500.jpg\" class=\"attachment-thumbnail size-thumbnail\" alt=\"\"><\/a>\n\t\t\t<\/dt><\/dl><dl class='gallery-item'>\n\t\t\t<dt class='gallery-icon landscape'>\n\t\t\t\t<a href='https:\/\/jfb-stiftung.de\/st-paulus-stift-herxheim\/gute-stimmung-beim-neujahrsempfang\/chor\/'><img loading=\"lazy\" decoding=\"async\" width=\"500\" height=\"500\" src=\"https:\/\/jfb-stiftung.de\/st-paulus-stift-herxheim\/wp-content\/uploads\/sites\/3\/2025\/01\/Chor-500x500.jpg\" class=\"attachment-thumbnail size-thumbnail\" alt=\"\"><\/a>\n\t\t\t<\/dt><\/dl><dl class='gallery-item'>\n\t\t\t<dt class='gallery-icon landscape'>\n\t\t\t\t<a href='https:\/\/jfb-stiftung.de\/st-paulus-stift-herxheim\/gute-stimmung-beim-neujahrsempfang\/lachyoga-2\/'><img loading=\"lazy\" decoding=\"async\" width=\"500\" height=\"500\" src=\"https:\/\/jfb-stiftung.de\/st-paulus-stift-herxheim\/wp-content\/uploads\/sites\/3\/2025\/01\/Lachyoga-2-500x500.jpg\" class=\"attachment-thumbnail size-thumbnail\" alt=\"\"><\/a>\n\t\t\t<\/dt><\/dl><dl class='gallery-item'>\n\t\t\t<dt class='gallery-icon landscape'>\n\t\t\t\t<a href='https:\/\/jfb-stiftung.de\/st-paulus-stift-herxheim\/gute-stimmung-beim-neujahrsempfang\/chor-ii\/'><img loading=\"lazy\" decoding=\"async\" width=\"500\" height=\"500\" src=\"https:\/\/jfb-stiftung.de\/st-paulus-stift-herxheim\/wp-content\/uploads\/sites\/3\/2025\/01\/Chor-II-500x500.jpg\" class=\"attachment-thumbnail size-thumbnail\" alt=\"\"><\/a>\n\t\t\t<\/dt><\/dl><br style=\"clear: both\" \/>\n\t\t<\/div>\n\n","protected":false},"excerpt":{"rendered":"<p>Mit vielen Programmpunkten, die zum Mitlachen einluden, fand am Mittwoch, den 15.01.2025 der Neujahrsempfang in der Festhalle in Herxheim statt. Die rund 220 Mitarbeiter*innen durften sich unter anderem \u00fcber eine \u2026<\/p>\n","protected":false},"author":2,"featured_media":8206,"comment_status":"closed","ping_status":"closed","sticky":false,"template":"","format":"standard","meta":{"_acf_changed":false,"footnotes":""},"categories":[32],"tags":[],"class_list":["post-8194","post","type-post","status-publish","format-standard","has-post-thumbnail","hentry","category-st-paulus-stift-herxheim-news"],"acf":[],"publishpress_future_action":{"enabled":false,"date":"2026-05-04 00:05:38","action":"change-status","newStatus":"draft","terms":[],"taxonomy":"category","extraData":[]},"publishpress_future_workflow_manual_trigger":{"enabledWorkflows":[]},"_links":{"self":[{"href":"https:\/\/jfb-stiftung.de\/st-paulus-stift-herxheim\/wp-json\/wp\/v2\/posts\/8194","targetHints":{"allow":["GET"]}}],"collection":[{"href":"https:\/\/jfb-stiftung.de\/st-paulus-stift-herxheim\/wp-json\/wp\/v2\/posts"}],"about":[{"href":"https:\/\/jfb-stiftung.de\/st-paulus-stift-herxheim\/wp-json\/wp\/v2\/types\/post"}],"author":[{"embeddable":true,"href":"https:\/\/jfb-stiftung.de\/st-paulus-stift-herxheim\/wp-json\/wp\/v2\/users\/2"}],"replies":[{"embeddable":true,"href":"https:\/\/jfb-stiftung.de\/st-paulus-stift-herxheim\/wp-json\/wp\/v2\/comments?post=8194"}],"version-history":[{"count":0,"href":"https:\/\/jfb-stiftung.de\/st-paulus-stift-herxheim\/wp-json\/wp\/v2\/posts\/8194\/revisions"}],"wp:featuredmedia":[{"embeddable":true,"href":"https:\/\/jfb-stiftung.de\/st-paulus-stift-herxheim\/wp-json\/wp\/v2\/media\/8206"}],"wp:attachment":[{"href":"https:\/\/jfb-stiftung.de\/st-paulus-stift-herxheim\/wp-json\/wp\/v2\/media?parent=8194"}],"wp:term":[{"taxonomy":"category","embeddable":true,"href":"https:\/\/jfb-stiftung.de\/st-paulus-stift-herxheim\/wp-json\/wp\/v2\/categories?post=8194"},{"taxonomy":"post_tag","embeddable":true,"href":"https:\/\/jfb-stiftung.de\/st-paulus-stift-herxheim\/wp-json\/wp\/v2\/tags?post=8194"}],"curies":[{"name":"wp","href":"https:\/\/api.w.org\/{rel}","templated":true}]}}