{"id":8180,"date":"2025-01-13T12:39:23","date_gmt":"2025-01-13T11:39:23","guid":{"rendered":"https:\/\/jfb-stiftung.de\/st-paulus-stift-herxheim\/wunschbaumaktion-sorgt-fuer-grosse-freude\/"},"modified":"2025-01-13T12:39:23","modified_gmt":"2025-01-13T11:39:23","slug":"wunschbaumaktion-sorgt-fuer-grosse-freude","status":"publish","type":"post","link":"https:\/\/jfb-stiftung.de\/st-paulus-stift-herxheim\/wunschbaumaktion-sorgt-fuer-grosse-freude\/","title":{"rendered":"Wunschbaumaktion sorgt f\u00fcr gro\u00dfe Freude"},"content":{"rendered":"<p>Dank der Wunschbaumaktion des Globus Supermarktes in Hockenheim freuen sich die beiden Gruppen der Tagesf\u00f6rderst\u00e4tte 7, also insgesamt 12 Besucher*innen \u00fcber einen Einkaufswagen voller Geschenke. Zusammen mit einem Bewohner durfte eine Mitarbeiterin k\u00fcrzlich die Einkaufsw\u00e4gen voller Geschenke abholen (selbstverst\u00e4ndlich noch vor dem Weihnachtsfest). Alle freuten sich riesig dar\u00fcber. Im Vorfeld bekam die Gruppe der Tagesf\u00f6rderst\u00e4tte eine Liste mit Spielen und kreativen Bastelsachen &#8211; jede*r Besucher*in durfte sich sein Wunschgeschenk aussuchen. Dann wurden gemeinsam K\u00fcgelchen gebastelt mit dem Vornamen des Besuchers der Gruppe und seinem Wunsch. Menschen, die im Globus einkauften, konnten, wenn sie gerne mochten, sich vom Wunschbaum eben ein solches K\u00fcgelchen herunternehmen und den darauf geschriebenen Wunsch kaufen. Das Geschenk wurde dann wieder im Markt abgegeben und, wie in unserem Fall, dann\u00a0 feierlich \u00fcbergeben. Besonders s\u00fc\u00df waren einige pers\u00f6nliche Worte auf den Geschenken. Tausend Dank an Globus f\u00fcr diese tolle Aktion und die Kundinnen und Kunden, die die W\u00fcnsche wahr machten. Die Gruppe 7 der Taf freut sich \u00fcber jede Menge neue Spiele und Bastelsachen und sagt herzlichen Dank.<\/p>\n<p><img fetchpriority=\"high\" decoding=\"async\" class=\"aligncenter  wp-image-8181\" src=\"https:\/\/jfb-stiftung.de\/st-paulus-stift-herxheim\/wp-content\/uploads\/sites\/3\/2025\/01\/Globus-Wunschbaumaktion-Waegen-lowres-1000x563.jpg\" alt=\"\" width=\"366\" height=\"206\" srcset=\"https:\/\/jfb-stiftung.de\/st-paulus-stift-herxheim\/wp-content\/uploads\/sites\/3\/2025\/01\/Globus-Wunschbaumaktion-Waegen-lowres-1000x563.jpg 1000w, https:\/\/jfb-stiftung.de\/st-paulus-stift-herxheim\/wp-content\/uploads\/sites\/3\/2025\/01\/Globus-Wunschbaumaktion-Waegen-lowres-768x432.jpg 768w, https:\/\/jfb-stiftung.de\/st-paulus-stift-herxheim\/wp-content\/uploads\/sites\/3\/2025\/01\/Globus-Wunschbaumaktion-Waegen-lowres.jpg 1200w\" sizes=\"(max-width: 366px) 100vw, 366px\" \/><\/p>\n","protected":false},"excerpt":{"rendered":"<p>Dank der Wunschbaumaktion des Globus Supermarktes in Hockenheim freuen sich die beiden Gruppen der Tagesf\u00f6rderst\u00e4tte 7, also insgesamt 12 Besucher*innen \u00fcber einen Einkaufswagen voller Geschenke. Zusammen mit einem Bewohner durfte \u2026<\/p>\n","protected":false},"author":2,"featured_media":8182,"comment_status":"closed","ping_status":"closed","sticky":false,"template":"","format":"standard","meta":{"_acf_changed":false,"footnotes":""},"categories":[32],"tags":[],"class_list":["post-8180","post","type-post","status-publish","format-standard","has-post-thumbnail","hentry","category-st-paulus-stift-herxheim-news"],"acf":[],"publishpress_future_action":{"enabled":false,"date":"2026-05-04 00:05:41","action":"change-status","newStatus":"draft","terms":[],"taxonomy":"category","extraData":[]},"publishpress_future_workflow_manual_trigger":{"enabledWorkflows":[]},"_links":{"self":[{"href":"https:\/\/jfb-stiftung.de\/st-paulus-stift-herxheim\/wp-json\/wp\/v2\/posts\/8180","targetHints":{"allow":["GET"]}}],"collection":[{"href":"https:\/\/jfb-stiftung.de\/st-paulus-stift-herxheim\/wp-json\/wp\/v2\/posts"}],"about":[{"href":"https:\/\/jfb-stiftung.de\/st-paulus-stift-herxheim\/wp-json\/wp\/v2\/types\/post"}],"author":[{"embeddable":true,"href":"https:\/\/jfb-stiftung.de\/st-paulus-stift-herxheim\/wp-json\/wp\/v2\/users\/2"}],"replies":[{"embeddable":true,"href":"https:\/\/jfb-stiftung.de\/st-paulus-stift-herxheim\/wp-json\/wp\/v2\/comments?post=8180"}],"version-history":[{"count":0,"href":"https:\/\/jfb-stiftung.de\/st-paulus-stift-herxheim\/wp-json\/wp\/v2\/posts\/8180\/revisions"}],"wp:featuredmedia":[{"embeddable":true,"href":"https:\/\/jfb-stiftung.de\/st-paulus-stift-herxheim\/wp-json\/wp\/v2\/media\/8182"}],"wp:attachment":[{"href":"https:\/\/jfb-stiftung.de\/st-paulus-stift-herxheim\/wp-json\/wp\/v2\/media?parent=8180"}],"wp:term":[{"taxonomy":"category","embeddable":true,"href":"https:\/\/jfb-stiftung.de\/st-paulus-stift-herxheim\/wp-json\/wp\/v2\/categories?post=8180"},{"taxonomy":"post_tag","embeddable":true,"href":"https:\/\/jfb-stiftung.de\/st-paulus-stift-herxheim\/wp-json\/wp\/v2\/tags?post=8180"}],"curies":[{"name":"wp","href":"https:\/\/api.w.org\/{rel}","templated":true}]}}