{"id":8132,"date":"2024-12-24T08:14:47","date_gmt":"2024-12-24T07:14:47","guid":{"rendered":"https:\/\/jfb-stiftung.de\/st-paulus-stift-herxheim\/?p=8132"},"modified":"2025-01-06T13:20:52","modified_gmt":"2025-01-06T12:20:52","slug":"frohe-weihnachten","status":"publish","type":"post","link":"https:\/\/jfb-stiftung.de\/st-paulus-stift-herxheim\/frohe-weihnachten\/","title":{"rendered":"Frohe Weihnachten"},"content":{"rendered":"<p>Die Menschen im St. Paulus Stift w\u00fcnschen allen Freunden, Angeh\u00f6rigen und Mitarbeitenden ein solch farbenfrohes und buntes Weihnachtsfest, wie auf dem selbst gemalten Bild einer Besucherin der Seniorengruppe zum Thema &#8222;Weihnachten&#8220;.<\/p>\n<p><img decoding=\"async\" class=\"aligncenter wp-image-8133\" src=\"https:\/\/jfb-stiftung.de\/wp-content\/uploads\/2024\/12\/Weihnachtsbild-Kataj-Schwind-gedreht-2024-707x1000.jpg\" alt=\"\" width=\"166\" height=\"235\"><br \/>\nF\u00fcr die rund 300 Mitarbeiter*innen gab es dieses Jahr wieder ein besonderes Geschenk: Einen Kalender mit Bildern, die von den Bewohner*innen gemalt wurden. Das Gro\u00dfprojekt &#8222;Weihnachtsgeschenke&#8220; hat wieder die Tagesf\u00f6rderst\u00e4tte in die Hand genommen. Die Bilder wurden dort angefertigt und die Mitarbeiter*innen der Tagesf\u00f6rderst\u00e4tte durften dann in einer gemeinsamen Abstimmung entscheiden, welche Bilder in den Kalender kommen. Herzlichen Dank f\u00fcr dieses tolle, individuelle Geschenk, das ganz sicher mit sehr viel Herz angefertigt wurde. Der Dank gilt auch den K\u00fcnstlerinnen und K\u00fcnstlern dieses tollen Kalenders. Das St. Paulus Stift w\u00fcnscht allen noch sch\u00f6ne Weihnachtsfeiertage.<\/p>\n\n\t\t<style type=\"text\/css\">\n\t\t\t#gallery-1 {\n\t\t\t\tmargin: auto;\n\t\t\t}\n\t\t\t#gallery-1 .gallery-item {\n\t\t\t\tfloat: left;\n\t\t\t\tmargin-top: 10px;\n\t\t\t\ttext-align: center;\n\t\t\t\twidth: 20%;\n\t\t\t}\n\t\t\t#gallery-1 img {\n\t\t\t\tborder: 2px solid #cfcfcf;\n\t\t\t}\n\t\t\t#gallery-1 .gallery-caption {\n\t\t\t\tmargin-left: 0;\n\t\t\t}\n\t\t\t\/* see gallery_shortcode() in wp-includes\/media.php *\/\n\t\t<\/style>\n\t\t<div id='gallery-1' class='gallery galleryid-8132 gallery-columns-5 gallery-size-thumbnail'><dl class='gallery-item'>\n\t\t\t<dt class='gallery-icon portrait'>\n\t\t\t\t<a href='https:\/\/jfb-stiftung.de\/st-paulus-stift-herxheim\/frohe-weihnachten\/kalender_selfie-weihnachtsgeschenk\/'><img fetchpriority=\"high\" decoding=\"async\" width=\"500\" height=\"500\" src=\"https:\/\/jfb-stiftung.de\/st-paulus-stift-herxheim\/wp-content\/uploads\/sites\/3\/2024\/12\/Kalender_Selfie-WEihnachtsgeschenk-500x500.jpg\" class=\"attachment-thumbnail size-thumbnail\" alt=\"\"><\/a>\n\t\t\t<\/dt><\/dl><dl class='gallery-item'>\n\t\t\t<dt class='gallery-icon portrait'>\n\t\t\t\t<a href='https:\/\/jfb-stiftung.de\/st-paulus-stift-herxheim\/frohe-weihnachten\/kalender-weihnachtsgeschenk-1\/'><img decoding=\"async\" width=\"500\" height=\"500\" src=\"https:\/\/jfb-stiftung.de\/st-paulus-stift-herxheim\/wp-content\/uploads\/sites\/3\/2024\/12\/Kalender-Weihnachtsgeschenk-1-500x500.jpg\" class=\"attachment-thumbnail size-thumbnail\" alt=\"\"><\/a>\n\t\t\t<\/dt><\/dl><dl class='gallery-item'>\n\t\t\t<dt class='gallery-icon portrait'>\n\t\t\t\t<a href='https:\/\/jfb-stiftung.de\/st-paulus-stift-herxheim\/frohe-weihnachten\/kalender-weihnachtsgeschenk-3\/'><img loading=\"lazy\" decoding=\"async\" width=\"500\" height=\"500\" src=\"https:\/\/jfb-stiftung.de\/st-paulus-stift-herxheim\/wp-content\/uploads\/sites\/3\/2024\/12\/Kalender-Weihnachtsgeschenk-3-500x500.jpg\" class=\"attachment-thumbnail size-thumbnail\" alt=\"\"><\/a>\n\t\t\t<\/dt><\/dl><dl class='gallery-item'>\n\t\t\t<dt class='gallery-icon portrait'>\n\t\t\t\t<a href='https:\/\/jfb-stiftung.de\/st-paulus-stift-herxheim\/frohe-weihnachten\/kalender-weihnachtsgeschenk-2\/'><img loading=\"lazy\" decoding=\"async\" width=\"500\" height=\"500\" src=\"https:\/\/jfb-stiftung.de\/st-paulus-stift-herxheim\/wp-content\/uploads\/sites\/3\/2024\/12\/Kalender-Weihnachtsgeschenk-2-500x500.jpg\" class=\"attachment-thumbnail size-thumbnail\" alt=\"\"><\/a>\n\t\t\t<\/dt><\/dl><dl class='gallery-item'>\n\t\t\t<dt class='gallery-icon portrait'>\n\t\t\t\t<a href='https:\/\/jfb-stiftung.de\/st-paulus-stift-herxheim\/frohe-weihnachten\/kalender-weihnachtsgeschenk-4\/'><img loading=\"lazy\" decoding=\"async\" width=\"500\" height=\"500\" src=\"https:\/\/jfb-stiftung.de\/st-paulus-stift-herxheim\/wp-content\/uploads\/sites\/3\/2024\/12\/Kalender-Weihnachtsgeschenk-4-500x500.jpg\" class=\"attachment-thumbnail size-thumbnail\" alt=\"\"><\/a>\n\t\t\t<\/dt><\/dl><br style=\"clear: both\" \/>\n\t\t<\/div>\n\n","protected":false},"excerpt":{"rendered":"<p>Die Menschen im St. Paulus Stift w\u00fcnschen allen Freunden, Angeh\u00f6rigen und Mitarbeitenden ein solch farbenfrohes und buntes Weihnachtsfest, wie auf dem selbst gemalten Bild einer Besucherin der Seniorengruppe zum Thema \u2026<\/p>\n","protected":false},"author":2,"featured_media":8134,"comment_status":"closed","ping_status":"closed","sticky":false,"template":"","format":"standard","meta":{"_acf_changed":false,"footnotes":""},"categories":[32],"tags":[],"class_list":["post-8132","post","type-post","status-publish","format-standard","has-post-thumbnail","hentry","category-st-paulus-stift-herxheim-news"],"acf":[],"publishpress_future_action":{"enabled":false,"date":"2026-05-04 00:05:36","action":"change-status","newStatus":"draft","terms":[],"taxonomy":"category","extraData":[]},"publishpress_future_workflow_manual_trigger":{"enabledWorkflows":[]},"_links":{"self":[{"href":"https:\/\/jfb-stiftung.de\/st-paulus-stift-herxheim\/wp-json\/wp\/v2\/posts\/8132","targetHints":{"allow":["GET"]}}],"collection":[{"href":"https:\/\/jfb-stiftung.de\/st-paulus-stift-herxheim\/wp-json\/wp\/v2\/posts"}],"about":[{"href":"https:\/\/jfb-stiftung.de\/st-paulus-stift-herxheim\/wp-json\/wp\/v2\/types\/post"}],"author":[{"embeddable":true,"href":"https:\/\/jfb-stiftung.de\/st-paulus-stift-herxheim\/wp-json\/wp\/v2\/users\/2"}],"replies":[{"embeddable":true,"href":"https:\/\/jfb-stiftung.de\/st-paulus-stift-herxheim\/wp-json\/wp\/v2\/comments?post=8132"}],"version-history":[{"count":0,"href":"https:\/\/jfb-stiftung.de\/st-paulus-stift-herxheim\/wp-json\/wp\/v2\/posts\/8132\/revisions"}],"wp:featuredmedia":[{"embeddable":true,"href":"https:\/\/jfb-stiftung.de\/st-paulus-stift-herxheim\/wp-json\/wp\/v2\/media\/8134"}],"wp:attachment":[{"href":"https:\/\/jfb-stiftung.de\/st-paulus-stift-herxheim\/wp-json\/wp\/v2\/media?parent=8132"}],"wp:term":[{"taxonomy":"category","embeddable":true,"href":"https:\/\/jfb-stiftung.de\/st-paulus-stift-herxheim\/wp-json\/wp\/v2\/categories?post=8132"},{"taxonomy":"post_tag","embeddable":true,"href":"https:\/\/jfb-stiftung.de\/st-paulus-stift-herxheim\/wp-json\/wp\/v2\/tags?post=8132"}],"curies":[{"name":"wp","href":"https:\/\/api.w.org\/{rel}","templated":true}]}}