{"id":8089,"date":"2024-11-29T10:31:00","date_gmt":"2024-11-29T09:31:00","guid":{"rendered":"https:\/\/jfb-stiftung.de\/st-paulus-stift-herxheim\/weihnachtsbaeckerei-im-haus-edenkoben\/"},"modified":"2024-12-10T10:36:20","modified_gmt":"2024-12-10T09:36:20","slug":"weihnachtsbaeckerei-im-haus-edenkoben","status":"publish","type":"post","link":"https:\/\/jfb-stiftung.de\/st-paulus-stift-herxheim\/weihnachtsbaeckerei-im-haus-edenkoben\/","title":{"rendered":"Weihnachtsb\u00e4ckerei im Haus Edenkoben"},"content":{"rendered":"<p>Im Haus Edenkoben ist die Adventszeit eingel\u00e4utet worden: Nicht nur die Gruppenr\u00e4ume sind gemeinsam weihnachtlich dekoriert worden, sondern bereits zum zweiten Mal sind Pl\u00e4tzchen gebacken worden. Doch nicht nur Klassiker wie Butterpl\u00e4tzchen oder Crossies mit Cornflakes wurden ausprobiert, sondern auch &#8222;Dubai&#8220;-Pl\u00e4tzchen. Der Hype um die &#8222;Dubai&#8220;-Schokolade brachte die B\u00e4ckerinnen im Vorfeld auf die Idee diese au\u00dfergew\u00f6hnlichen Pl\u00e4tzchen zusammen mit den Bewohner*innen zu backen. Und? Ein sehr feiner Geschmack durch die Pistaziencreme. Die &#8222;Dubai&#8220;-Pl\u00e4tzchen wird es sicher \u00f6fters geben. Gro\u00dfer Spa\u00df mit gro\u00dfem Genuss und einem herrlichen Duft, der in alle Zimmer str\u00f6mt.<\/p>\n<p>&nbsp;<\/p>\n\n\t\t<style type=\"text\/css\">\n\t\t\t#gallery-1 {\n\t\t\t\tmargin: auto;\n\t\t\t}\n\t\t\t#gallery-1 .gallery-item {\n\t\t\t\tfloat: left;\n\t\t\t\tmargin-top: 10px;\n\t\t\t\ttext-align: center;\n\t\t\t\twidth: 20%;\n\t\t\t}\n\t\t\t#gallery-1 img {\n\t\t\t\tborder: 2px solid #cfcfcf;\n\t\t\t}\n\t\t\t#gallery-1 .gallery-caption {\n\t\t\t\tmargin-left: 0;\n\t\t\t}\n\t\t\t\/* see gallery_shortcode() in wp-includes\/media.php *\/\n\t\t<\/style>\n\t\t<div id='gallery-1' class='gallery galleryid-8089 gallery-columns-5 gallery-size-thumbnail'><dl class='gallery-item'>\n\t\t\t<dt class='gallery-icon landscape'>\n\t\t\t\t<a href='https:\/\/jfb-stiftung.de\/st-paulus-stift-herxheim\/weihnachtsbaeckerei-im-haus-edenkoben\/plaetzchen-backen-ed-ohne-h\/'><img fetchpriority=\"high\" decoding=\"async\" width=\"500\" height=\"500\" src=\"https:\/\/jfb-stiftung.de\/st-paulus-stift-herxheim\/wp-content\/uploads\/sites\/3\/2024\/12\/Plaetzchen-backen-ED-ohne-H-500x500.png\" class=\"attachment-thumbnail size-thumbnail\" alt=\"\"><\/a>\n\t\t\t<\/dt><\/dl><dl class='gallery-item'>\n\t\t\t<dt class='gallery-icon portrait'>\n\t\t\t\t<a href='https:\/\/jfb-stiftung.de\/st-paulus-stift-herxheim\/weihnachtsbaeckerei-im-haus-edenkoben\/plaetzchen-backen-ed-2\/'><img decoding=\"async\" width=\"500\" height=\"500\" src=\"https:\/\/jfb-stiftung.de\/st-paulus-stift-herxheim\/wp-content\/uploads\/sites\/3\/2024\/12\/Plaetzchen-backen-ED-2-scaled-500x500.jpg\" class=\"attachment-thumbnail size-thumbnail\" alt=\"\"><\/a>\n\t\t\t<\/dt><\/dl><dl class='gallery-item'>\n\t\t\t<dt class='gallery-icon landscape'>\n\t\t\t\t<a href='https:\/\/jfb-stiftung.de\/st-paulus-stift-herxheim\/weihnachtsbaeckerei-im-haus-edenkoben\/plaetzchen-backen-ed-3\/'><img decoding=\"async\" width=\"500\" height=\"500\" src=\"https:\/\/jfb-stiftung.de\/st-paulus-stift-herxheim\/wp-content\/uploads\/sites\/3\/2024\/12\/Plaetzchen-backen-ED-3-scaled-500x500.jpg\" class=\"attachment-thumbnail size-thumbnail\" alt=\"\"><\/a>\n\t\t\t<\/dt><\/dl><dl class='gallery-item'>\n\t\t\t<dt class='gallery-icon landscape'>\n\t\t\t\t<a href='https:\/\/jfb-stiftung.de\/st-paulus-stift-herxheim\/weihnachtsbaeckerei-im-haus-edenkoben\/plaetzchen-backen-ed-6\/'><img loading=\"lazy\" decoding=\"async\" width=\"500\" height=\"500\" src=\"https:\/\/jfb-stiftung.de\/st-paulus-stift-herxheim\/wp-content\/uploads\/sites\/3\/2024\/12\/Plaetzchen-backen-ED-6-scaled-500x500.jpg\" class=\"attachment-thumbnail size-thumbnail\" alt=\"\"><\/a>\n\t\t\t<\/dt><\/dl><dl class='gallery-item'>\n\t\t\t<dt class='gallery-icon portrait'>\n\t\t\t\t<a href='https:\/\/jfb-stiftung.de\/st-paulus-stift-herxheim\/weihnachtsbaeckerei-im-haus-edenkoben\/plaetzchen-backen-ed-7\/'><img loading=\"lazy\" decoding=\"async\" width=\"500\" height=\"500\" src=\"https:\/\/jfb-stiftung.de\/st-paulus-stift-herxheim\/wp-content\/uploads\/sites\/3\/2024\/12\/Plaetzchen-backen-ED-7-scaled-500x500.jpg\" class=\"attachment-thumbnail size-thumbnail\" alt=\"\"><\/a>\n\t\t\t<\/dt><\/dl><br style=\"clear: both\" \/>\n\t\t<\/div>\n\n","protected":false},"excerpt":{"rendered":"<p>Im Haus Edenkoben ist die Adventszeit eingel\u00e4utet worden: Nicht nur die Gruppenr\u00e4ume sind gemeinsam weihnachtlich dekoriert worden, sondern bereits zum zweiten Mal sind Pl\u00e4tzchen gebacken worden. Doch nicht nur Klassiker \u2026<\/p>\n","protected":false},"author":2,"featured_media":8094,"comment_status":"closed","ping_status":"closed","sticky":false,"template":"","format":"standard","meta":{"_acf_changed":false,"footnotes":""},"categories":[32],"tags":[],"class_list":["post-8089","post","type-post","status-publish","format-standard","has-post-thumbnail","hentry","category-st-paulus-stift-herxheim-news"],"acf":[],"publishpress_future_action":{"enabled":false,"date":"2026-05-04 03:02:30","action":"change-status","newStatus":"draft","terms":[],"taxonomy":"category","extraData":[]},"publishpress_future_workflow_manual_trigger":{"enabledWorkflows":[]},"_links":{"self":[{"href":"https:\/\/jfb-stiftung.de\/st-paulus-stift-herxheim\/wp-json\/wp\/v2\/posts\/8089","targetHints":{"allow":["GET"]}}],"collection":[{"href":"https:\/\/jfb-stiftung.de\/st-paulus-stift-herxheim\/wp-json\/wp\/v2\/posts"}],"about":[{"href":"https:\/\/jfb-stiftung.de\/st-paulus-stift-herxheim\/wp-json\/wp\/v2\/types\/post"}],"author":[{"embeddable":true,"href":"https:\/\/jfb-stiftung.de\/st-paulus-stift-herxheim\/wp-json\/wp\/v2\/users\/2"}],"replies":[{"embeddable":true,"href":"https:\/\/jfb-stiftung.de\/st-paulus-stift-herxheim\/wp-json\/wp\/v2\/comments?post=8089"}],"version-history":[{"count":0,"href":"https:\/\/jfb-stiftung.de\/st-paulus-stift-herxheim\/wp-json\/wp\/v2\/posts\/8089\/revisions"}],"wp:featuredmedia":[{"embeddable":true,"href":"https:\/\/jfb-stiftung.de\/st-paulus-stift-herxheim\/wp-json\/wp\/v2\/media\/8094"}],"wp:attachment":[{"href":"https:\/\/jfb-stiftung.de\/st-paulus-stift-herxheim\/wp-json\/wp\/v2\/media?parent=8089"}],"wp:term":[{"taxonomy":"category","embeddable":true,"href":"https:\/\/jfb-stiftung.de\/st-paulus-stift-herxheim\/wp-json\/wp\/v2\/categories?post=8089"},{"taxonomy":"post_tag","embeddable":true,"href":"https:\/\/jfb-stiftung.de\/st-paulus-stift-herxheim\/wp-json\/wp\/v2\/tags?post=8089"}],"curies":[{"name":"wp","href":"https:\/\/api.w.org\/{rel}","templated":true}]}}