{"id":7895,"date":"2024-10-30T12:32:21","date_gmt":"2024-10-30T11:32:21","guid":{"rendered":"https:\/\/jfb-stiftung.de\/st-paulus-stift-herxheim\/kuerbisschnitzen-fuer-halloween\/"},"modified":"2024-10-31T08:38:54","modified_gmt":"2024-10-31T07:38:54","slug":"kuerbisschnitzen-fuer-halloween","status":"publish","type":"post","link":"https:\/\/jfb-stiftung.de\/st-paulus-stift-herxheim\/kuerbisschnitzen-fuer-halloween\/","title":{"rendered":"K\u00fcrbisschnitzen f\u00fcr Halloween"},"content":{"rendered":"<p>Passend zur bevorstehenden Gruselnacht vor Allerheiligen hat die Tagesf\u00f6rderst\u00e4tte ein sch\u00f6nes Angebot f\u00fcr unsere Bewohner*innen und Mitarbeiter*innen in der Aula auf die Beine gestellt: Rund 30 K\u00fcrbisse warteten auf ihr Halloween-Facelift. Ein tolles Angebot des Arbeitgebers, wer von den Mitarbeiter*innen mochte, durfte auch seine Kinder mitbringen. Dieses nette Angebot nahmen auch viele wahr, so dass sich unter den 15 Teilnehmer*innen auch zahlreiche Kinder befanden. Gro\u00dfen Spa\u00df gab es beim Aush\u00f6hlen der K\u00fcrbisse, wo selbstverst\u00e4ndlich auch hin und wieder was daneben ging. Nach der gro\u00dfen oder kleinen Kleckerei durfte nach Herzenslust ein gruseliges Gesicht auf den K\u00fcrbis geschnitzt werden. Beim Ausprobieren mit Licht bekamen manche auch passend zur guten Stimmung ein Partyh\u00fctchen aufgesetzt. In der ganz im Sinne von Halloween dekorierten Aula gab es f\u00fcr alle noch Kaffee und Kuchen.<\/p>\n\n\t\t<style type=\"text\/css\">\n\t\t\t#gallery-1 {\n\t\t\t\tmargin: auto;\n\t\t\t}\n\t\t\t#gallery-1 .gallery-item {\n\t\t\t\tfloat: left;\n\t\t\t\tmargin-top: 10px;\n\t\t\t\ttext-align: center;\n\t\t\t\twidth: 20%;\n\t\t\t}\n\t\t\t#gallery-1 img {\n\t\t\t\tborder: 2px solid #cfcfcf;\n\t\t\t}\n\t\t\t#gallery-1 .gallery-caption {\n\t\t\t\tmargin-left: 0;\n\t\t\t}\n\t\t\t\/* see gallery_shortcode() in wp-includes\/media.php *\/\n\t\t<\/style>\n\t\t<div id='gallery-1' class='gallery galleryid-7895 gallery-columns-5 gallery-size-thumbnail'><dl class='gallery-item'>\n\t\t\t<dt class='gallery-icon portrait'>\n\t\t\t\t<a href='https:\/\/jfb-stiftung.de\/st-paulus-stift-herxheim\/kuerbisschnitzen-fuer-halloween\/shared-image-51\/'><img fetchpriority=\"high\" decoding=\"async\" width=\"500\" height=\"500\" src=\"https:\/\/jfb-stiftung.de\/st-paulus-stift-herxheim\/wp-content\/uploads\/sites\/3\/2024\/10\/shared-image-51-500x500.jpg\" class=\"attachment-thumbnail size-thumbnail\" alt=\"\"><\/a>\n\t\t\t<\/dt><\/dl><dl class='gallery-item'>\n\t\t\t<dt class='gallery-icon portrait'>\n\t\t\t\t<a href='https:\/\/jfb-stiftung.de\/st-paulus-stift-herxheim\/kuerbisschnitzen-fuer-halloween\/shared-image-54\/'><img decoding=\"async\" width=\"500\" height=\"500\" src=\"https:\/\/jfb-stiftung.de\/st-paulus-stift-herxheim\/wp-content\/uploads\/sites\/3\/2024\/10\/shared-image-54-500x500.jpg\" class=\"attachment-thumbnail size-thumbnail\" alt=\"\"><\/a>\n\t\t\t<\/dt><\/dl><dl class='gallery-item'>\n\t\t\t<dt class='gallery-icon portrait'>\n\t\t\t\t<a href='https:\/\/jfb-stiftung.de\/st-paulus-stift-herxheim\/kuerbisschnitzen-fuer-halloween\/shared-image-61\/'><img decoding=\"async\" width=\"500\" height=\"500\" src=\"https:\/\/jfb-stiftung.de\/st-paulus-stift-herxheim\/wp-content\/uploads\/sites\/3\/2024\/10\/shared-image-61-500x500.jpg\" class=\"attachment-thumbnail size-thumbnail\" alt=\"\"><\/a>\n\t\t\t<\/dt><\/dl><dl class='gallery-item'>\n\t\t\t<dt class='gallery-icon landscape'>\n\t\t\t\t<a href='https:\/\/jfb-stiftung.de\/st-paulus-stift-herxheim\/kuerbisschnitzen-fuer-halloween\/shared-image-71\/'><img loading=\"lazy\" decoding=\"async\" width=\"500\" height=\"500\" src=\"https:\/\/jfb-stiftung.de\/st-paulus-stift-herxheim\/wp-content\/uploads\/sites\/3\/2024\/10\/shared-image-71-500x500.jpg\" class=\"attachment-thumbnail size-thumbnail\" alt=\"\"><\/a>\n\t\t\t<\/dt><\/dl><dl class='gallery-item'>\n\t\t\t<dt class='gallery-icon portrait'>\n\t\t\t\t<a href='https:\/\/jfb-stiftung.de\/st-paulus-stift-herxheim\/kuerbisschnitzen-fuer-halloween\/shared-image-52\/'><img loading=\"lazy\" decoding=\"async\" width=\"500\" height=\"500\" src=\"https:\/\/jfb-stiftung.de\/st-paulus-stift-herxheim\/wp-content\/uploads\/sites\/3\/2024\/10\/shared-image-52-500x500.jpg\" class=\"attachment-thumbnail size-thumbnail\" alt=\"\"><\/a>\n\t\t\t<\/dt><\/dl><br style=\"clear: both\" \/>\n\t\t<\/div>\n\n<p>&nbsp;<\/p>\n<p>&nbsp;<\/p>\n","protected":false},"excerpt":{"rendered":"<p>Passend zur bevorstehenden Gruselnacht vor Allerheiligen hat die Tagesf\u00f6rderst\u00e4tte ein sch\u00f6nes Angebot f\u00fcr unsere Bewohner*innen und Mitarbeiter*innen in der Aula auf die Beine gestellt: Rund 30 K\u00fcrbisse warteten auf ihr \u2026<\/p>\n","protected":false},"author":2,"featured_media":7900,"comment_status":"closed","ping_status":"closed","sticky":false,"template":"","format":"standard","meta":{"_acf_changed":false,"footnotes":""},"categories":[32],"tags":[],"class_list":["post-7895","post","type-post","status-publish","format-standard","has-post-thumbnail","hentry","category-st-paulus-stift-herxheim-news"],"acf":[],"publishpress_future_action":{"enabled":false,"date":"2026-05-04 01:34:38","action":"change-status","newStatus":"draft","terms":[],"taxonomy":"category","extraData":[]},"publishpress_future_workflow_manual_trigger":{"enabledWorkflows":[]},"_links":{"self":[{"href":"https:\/\/jfb-stiftung.de\/st-paulus-stift-herxheim\/wp-json\/wp\/v2\/posts\/7895","targetHints":{"allow":["GET"]}}],"collection":[{"href":"https:\/\/jfb-stiftung.de\/st-paulus-stift-herxheim\/wp-json\/wp\/v2\/posts"}],"about":[{"href":"https:\/\/jfb-stiftung.de\/st-paulus-stift-herxheim\/wp-json\/wp\/v2\/types\/post"}],"author":[{"embeddable":true,"href":"https:\/\/jfb-stiftung.de\/st-paulus-stift-herxheim\/wp-json\/wp\/v2\/users\/2"}],"replies":[{"embeddable":true,"href":"https:\/\/jfb-stiftung.de\/st-paulus-stift-herxheim\/wp-json\/wp\/v2\/comments?post=7895"}],"version-history":[{"count":0,"href":"https:\/\/jfb-stiftung.de\/st-paulus-stift-herxheim\/wp-json\/wp\/v2\/posts\/7895\/revisions"}],"wp:featuredmedia":[{"embeddable":true,"href":"https:\/\/jfb-stiftung.de\/st-paulus-stift-herxheim\/wp-json\/wp\/v2\/media\/7900"}],"wp:attachment":[{"href":"https:\/\/jfb-stiftung.de\/st-paulus-stift-herxheim\/wp-json\/wp\/v2\/media?parent=7895"}],"wp:term":[{"taxonomy":"category","embeddable":true,"href":"https:\/\/jfb-stiftung.de\/st-paulus-stift-herxheim\/wp-json\/wp\/v2\/categories?post=7895"},{"taxonomy":"post_tag","embeddable":true,"href":"https:\/\/jfb-stiftung.de\/st-paulus-stift-herxheim\/wp-json\/wp\/v2\/tags?post=7895"}],"curies":[{"name":"wp","href":"https:\/\/api.w.org\/{rel}","templated":true}]}}