{"id":7889,"date":"2024-10-30T11:59:07","date_gmt":"2024-10-30T10:59:07","guid":{"rendered":"https:\/\/jfb-stiftung.de\/st-paulus-stift-herxheim\/im-kartcenter-rasante-kurven-gedreht\/"},"modified":"2024-10-30T11:59:07","modified_gmt":"2024-10-30T10:59:07","slug":"im-kartcenter-rasante-kurven-gedreht","status":"publish","type":"post","link":"https:\/\/jfb-stiftung.de\/st-paulus-stift-herxheim\/im-kartcenter-rasante-kurven-gedreht\/","title":{"rendered":"Im Kartcenter rasante Kurven gedreht"},"content":{"rendered":"<p>Das Kartcenter in Zweibr\u00fccken erm\u00f6glicht Menschen mit Handicap, durch das Tandemkart an einem besonderen Erlebnis teilzuhaben. Denn was ganz alleine nicht m\u00f6glich w\u00e4re, dass geht gemeinsam. In dem Kart f\u00fcr zwei Personen begleitet also der Erlebnisp\u00e4dagoge und lenkt hier und da ein, falls n\u00f6tig. Doch meistens ging das alleine ganz gut. So konnten Heiko und &#8222;Super&#8220;-Mario Runde um Runde drehen (und der Erlebnisp\u00e4dagoge durfte gleich doppelt ran). Ein gro\u00dfartiges Erlebnis f\u00fcr beide, den Speed und das selbstst\u00e4ndige Fahren zu erleben. F\u00fcr alle ein unvergessliches Erlebnis.<\/p>\n\n\t\t<style type=\"text\/css\">\n\t\t\t#gallery-1 {\n\t\t\t\tmargin: auto;\n\t\t\t}\n\t\t\t#gallery-1 .gallery-item {\n\t\t\t\tfloat: left;\n\t\t\t\tmargin-top: 10px;\n\t\t\t\ttext-align: center;\n\t\t\t\twidth: 33%;\n\t\t\t}\n\t\t\t#gallery-1 img {\n\t\t\t\tborder: 2px solid #cfcfcf;\n\t\t\t}\n\t\t\t#gallery-1 .gallery-caption {\n\t\t\t\tmargin-left: 0;\n\t\t\t}\n\t\t\t\/* see gallery_shortcode() in wp-includes\/media.php *\/\n\t\t<\/style>\n\t\t<div id='gallery-1' class='gallery galleryid-7889 gallery-columns-3 gallery-size-thumbnail'><dl class='gallery-item'>\n\t\t\t<dt class='gallery-icon landscape'>\n\t\t\t\t<a href='https:\/\/jfb-stiftung.de\/st-paulus-stift-herxheim\/im-kartcenter-rasante-kurven-gedreht\/shared-image-35\/'><img fetchpriority=\"high\" decoding=\"async\" width=\"500\" height=\"500\" src=\"https:\/\/jfb-stiftung.de\/st-paulus-stift-herxheim\/wp-content\/uploads\/sites\/3\/2024\/10\/shared-image-35-500x500.jpg\" class=\"attachment-thumbnail size-thumbnail\" alt=\"\" srcset=\"https:\/\/jfb-stiftung.de\/st-paulus-stift-herxheim\/wp-content\/uploads\/sites\/3\/2024\/10\/shared-image-35-500x500.jpg 500w, https:\/\/jfb-stiftung.de\/st-paulus-stift-herxheim\/wp-content\/uploads\/sites\/3\/2024\/10\/shared-image-35-1000x1000.jpg 1000w, https:\/\/jfb-stiftung.de\/st-paulus-stift-herxheim\/wp-content\/uploads\/sites\/3\/2024\/10\/shared-image-35-1200x1200.jpg 1200w, https:\/\/jfb-stiftung.de\/st-paulus-stift-herxheim\/wp-content\/uploads\/sites\/3\/2024\/10\/shared-image-35-768x768.jpg 768w, https:\/\/jfb-stiftung.de\/st-paulus-stift-herxheim\/wp-content\/uploads\/sites\/3\/2024\/10\/shared-image-35.jpg 1440w\" sizes=\"(max-width: 500px) 100vw, 500px\"><\/a>\n\t\t\t<\/dt><\/dl><dl class='gallery-item'>\n\t\t\t<dt class='gallery-icon portrait'>\n\t\t\t\t<a href='https:\/\/jfb-stiftung.de\/st-paulus-stift-herxheim\/im-kartcenter-rasante-kurven-gedreht\/shared-image-41\/'><img decoding=\"async\" width=\"500\" height=\"500\" src=\"https:\/\/jfb-stiftung.de\/st-paulus-stift-herxheim\/wp-content\/uploads\/sites\/3\/2024\/10\/shared-image-41-500x500.jpg\" class=\"attachment-thumbnail size-thumbnail\" alt=\"\"><\/a>\n\t\t\t<\/dt><\/dl><dl class='gallery-item'>\n\t\t\t<dt class='gallery-icon landscape'>\n\t\t\t\t<a href='https:\/\/jfb-stiftung.de\/st-paulus-stift-herxheim\/im-kartcenter-rasante-kurven-gedreht\/shared-image-46\/'><img decoding=\"async\" width=\"500\" height=\"500\" src=\"https:\/\/jfb-stiftung.de\/st-paulus-stift-herxheim\/wp-content\/uploads\/sites\/3\/2024\/10\/shared-image-46-scaled-500x500.jpg\" class=\"attachment-thumbnail size-thumbnail\" alt=\"\" srcset=\"https:\/\/jfb-stiftung.de\/st-paulus-stift-herxheim\/wp-content\/uploads\/sites\/3\/2024\/10\/shared-image-46-scaled-500x500.jpg 500w, https:\/\/jfb-stiftung.de\/st-paulus-stift-herxheim\/wp-content\/uploads\/sites\/3\/2024\/10\/shared-image-46-scaled-1000x1000.jpg 1000w, https:\/\/jfb-stiftung.de\/st-paulus-stift-herxheim\/wp-content\/uploads\/sites\/3\/2024\/10\/shared-image-46-scaled-1200x1200.jpg 1200w, https:\/\/jfb-stiftung.de\/st-paulus-stift-herxheim\/wp-content\/uploads\/sites\/3\/2024\/10\/shared-image-46-scaled-768x768.jpg 768w, https:\/\/jfb-stiftung.de\/st-paulus-stift-herxheim\/wp-content\/uploads\/sites\/3\/2024\/10\/shared-image-46-scaled-1536x1536.jpg 1536w, https:\/\/jfb-stiftung.de\/st-paulus-stift-herxheim\/wp-content\/uploads\/sites\/3\/2024\/10\/shared-image-46-scaled-2048x2048.jpg 2048w\" sizes=\"(max-width: 500px) 100vw, 500px\"><\/a>\n\t\t\t<\/dt><\/dl><br style=\"clear: both\" \/>\n\t\t<\/div>\n\n","protected":false},"excerpt":{"rendered":"<p>Das Kartcenter in Zweibr\u00fccken erm\u00f6glicht Menschen mit Handicap, durch das Tandemkart an einem besonderen Erlebnis teilzuhaben. Denn was ganz alleine nicht m\u00f6glich w\u00e4re, dass geht gemeinsam. In dem Kart f\u00fcr \u2026<\/p>\n","protected":false},"author":2,"featured_media":7893,"comment_status":"closed","ping_status":"closed","sticky":false,"template":"","format":"standard","meta":{"_acf_changed":false,"footnotes":""},"categories":[32],"tags":[],"class_list":["post-7889","post","type-post","status-publish","format-standard","has-post-thumbnail","hentry","category-st-paulus-stift-herxheim-news"],"acf":[],"publishpress_future_action":{"enabled":false,"date":"2026-05-04 03:03:21","action":"change-status","newStatus":"draft","terms":[],"taxonomy":"category","extraData":[]},"publishpress_future_workflow_manual_trigger":{"enabledWorkflows":[]},"_links":{"self":[{"href":"https:\/\/jfb-stiftung.de\/st-paulus-stift-herxheim\/wp-json\/wp\/v2\/posts\/7889","targetHints":{"allow":["GET"]}}],"collection":[{"href":"https:\/\/jfb-stiftung.de\/st-paulus-stift-herxheim\/wp-json\/wp\/v2\/posts"}],"about":[{"href":"https:\/\/jfb-stiftung.de\/st-paulus-stift-herxheim\/wp-json\/wp\/v2\/types\/post"}],"author":[{"embeddable":true,"href":"https:\/\/jfb-stiftung.de\/st-paulus-stift-herxheim\/wp-json\/wp\/v2\/users\/2"}],"replies":[{"embeddable":true,"href":"https:\/\/jfb-stiftung.de\/st-paulus-stift-herxheim\/wp-json\/wp\/v2\/comments?post=7889"}],"version-history":[{"count":0,"href":"https:\/\/jfb-stiftung.de\/st-paulus-stift-herxheim\/wp-json\/wp\/v2\/posts\/7889\/revisions"}],"wp:featuredmedia":[{"embeddable":true,"href":"https:\/\/jfb-stiftung.de\/st-paulus-stift-herxheim\/wp-json\/wp\/v2\/media\/7893"}],"wp:attachment":[{"href":"https:\/\/jfb-stiftung.de\/st-paulus-stift-herxheim\/wp-json\/wp\/v2\/media?parent=7889"}],"wp:term":[{"taxonomy":"category","embeddable":true,"href":"https:\/\/jfb-stiftung.de\/st-paulus-stift-herxheim\/wp-json\/wp\/v2\/categories?post=7889"},{"taxonomy":"post_tag","embeddable":true,"href":"https:\/\/jfb-stiftung.de\/st-paulus-stift-herxheim\/wp-json\/wp\/v2\/tags?post=7889"}],"curies":[{"name":"wp","href":"https:\/\/api.w.org\/{rel}","templated":true}]}}