{"id":7880,"date":"2024-10-29T09:43:59","date_gmt":"2024-10-29T08:43:59","guid":{"rendered":"https:\/\/jfb-stiftung.de\/st-paulus-stift-herxheim\/herbstsonntag-ums-st-paulus-stift\/"},"modified":"2024-10-30T12:40:36","modified_gmt":"2024-10-30T11:40:36","slug":"herbstspaziergang-ums-st-paulus-stift","status":"publish","type":"post","link":"https:\/\/jfb-stiftung.de\/st-paulus-stift-herxheim\/herbstspaziergang-ums-st-paulus-stift\/","title":{"rendered":"Herbstspaziergang ums St. Paulus Stift"},"content":{"rendered":"<p>Temperaturen um die 20 Grad und der Charme des Herbstes mit all seinen bunten Bl\u00e4ttern verleitete den Erlebnisp\u00e4dagogen einen Ausflug quasi ums Eck anzubieten (denn manchmal muss man gar keinen gro\u00dfen Aufwand betreiben um alle gl\u00fccklich zu machen. Bilder sagen mehr als Worte trifft hier 100% zu). Es ging also ab ins Feld (das St. Paulus Stift grenzt direkt daran) in die sch\u00f6ne Parkanlage des Stifts und rundherum. Neben Apfelb\u00e4umen, Nussb\u00e4umen, Tannen oder auch gro\u00dfen Feigenb\u00e4umen gibt es einfach nur in der Parkanlage einiges zu entdecken. Dazu muss man sich einfach nur Zeit lassen, einen Moment inne halten und die Natur genie\u00dfen &#8211; und genau das machte die gut gelaunte Truppe.<\/p>\n\n\t\t<style type=\"text\/css\">\n\t\t\t#gallery-1 {\n\t\t\t\tmargin: auto;\n\t\t\t}\n\t\t\t#gallery-1 .gallery-item {\n\t\t\t\tfloat: left;\n\t\t\t\tmargin-top: 10px;\n\t\t\t\ttext-align: center;\n\t\t\t\twidth: 25%;\n\t\t\t}\n\t\t\t#gallery-1 img {\n\t\t\t\tborder: 2px solid #cfcfcf;\n\t\t\t}\n\t\t\t#gallery-1 .gallery-caption {\n\t\t\t\tmargin-left: 0;\n\t\t\t}\n\t\t\t\/* see gallery_shortcode() in wp-includes\/media.php *\/\n\t\t<\/style>\n\t\t<div id='gallery-1' class='gallery galleryid-7880 gallery-columns-4 gallery-size-thumbnail'><dl class='gallery-item'>\n\t\t\t<dt class='gallery-icon portrait'>\n\t\t\t\t<a href='https:\/\/jfb-stiftung.de\/st-paulus-stift-herxheim\/herbstspaziergang-ums-st-paulus-stift\/shared-image-44\/'><img fetchpriority=\"high\" decoding=\"async\" width=\"500\" height=\"500\" src=\"https:\/\/jfb-stiftung.de\/st-paulus-stift-herxheim\/wp-content\/uploads\/sites\/3\/2024\/10\/shared-image-44-500x500.jpg\" class=\"attachment-thumbnail size-thumbnail\" alt=\"\"><\/a>\n\t\t\t<\/dt><\/dl><dl class='gallery-item'>\n\t\t\t<dt class='gallery-icon portrait'>\n\t\t\t\t<a href='https:\/\/jfb-stiftung.de\/st-paulus-stift-herxheim\/herbstspaziergang-ums-st-paulus-stift\/shared-image-37\/'><img decoding=\"async\" width=\"500\" height=\"500\" src=\"https:\/\/jfb-stiftung.de\/st-paulus-stift-herxheim\/wp-content\/uploads\/sites\/3\/2024\/10\/shared-image-37-500x500.jpg\" class=\"attachment-thumbnail size-thumbnail\" alt=\"\"><\/a>\n\t\t\t<\/dt><\/dl><dl class='gallery-item'>\n\t\t\t<dt class='gallery-icon portrait'>\n\t\t\t\t<a href='https:\/\/jfb-stiftung.de\/st-paulus-stift-herxheim\/herbstspaziergang-ums-st-paulus-stift\/shared-image-47\/'><img decoding=\"async\" width=\"500\" height=\"500\" src=\"https:\/\/jfb-stiftung.de\/st-paulus-stift-herxheim\/wp-content\/uploads\/sites\/3\/2024\/10\/shared-image-47-500x500.jpg\" class=\"attachment-thumbnail size-thumbnail\" alt=\"\"><\/a>\n\t\t\t<\/dt><\/dl><dl class='gallery-item'>\n\t\t\t<dt class='gallery-icon portrait'>\n\t\t\t\t<a href='https:\/\/jfb-stiftung.de\/st-paulus-stift-herxheim\/herbstspaziergang-ums-st-paulus-stift\/shared-image-42\/'><img loading=\"lazy\" decoding=\"async\" width=\"500\" height=\"500\" src=\"https:\/\/jfb-stiftung.de\/st-paulus-stift-herxheim\/wp-content\/uploads\/sites\/3\/2024\/10\/shared-image-42-500x500.jpg\" class=\"attachment-thumbnail size-thumbnail\" alt=\"\"><\/a>\n\t\t\t<\/dt><\/dl><br style=\"clear: both\" \/>\n\t\t<\/div>\n\n<p>&nbsp;<\/p>\n","protected":false},"excerpt":{"rendered":"<p>Temperaturen um die 20 Grad und der Charme des Herbstes mit all seinen bunten Bl\u00e4ttern verleitete den Erlebnisp\u00e4dagogen einen Ausflug quasi ums Eck anzubieten (denn manchmal muss man gar keinen \u2026<\/p>\n","protected":false},"author":2,"featured_media":7887,"comment_status":"closed","ping_status":"closed","sticky":false,"template":"","format":"standard","meta":{"_acf_changed":false,"footnotes":""},"categories":[32],"tags":[],"class_list":["post-7880","post","type-post","status-publish","format-standard","has-post-thumbnail","hentry","category-st-paulus-stift-herxheim-news"],"acf":[],"publishpress_future_action":{"enabled":false,"date":"2026-05-04 01:34:38","action":"change-status","newStatus":"draft","terms":[],"taxonomy":"category","extraData":[]},"publishpress_future_workflow_manual_trigger":{"enabledWorkflows":[]},"_links":{"self":[{"href":"https:\/\/jfb-stiftung.de\/st-paulus-stift-herxheim\/wp-json\/wp\/v2\/posts\/7880","targetHints":{"allow":["GET"]}}],"collection":[{"href":"https:\/\/jfb-stiftung.de\/st-paulus-stift-herxheim\/wp-json\/wp\/v2\/posts"}],"about":[{"href":"https:\/\/jfb-stiftung.de\/st-paulus-stift-herxheim\/wp-json\/wp\/v2\/types\/post"}],"author":[{"embeddable":true,"href":"https:\/\/jfb-stiftung.de\/st-paulus-stift-herxheim\/wp-json\/wp\/v2\/users\/2"}],"replies":[{"embeddable":true,"href":"https:\/\/jfb-stiftung.de\/st-paulus-stift-herxheim\/wp-json\/wp\/v2\/comments?post=7880"}],"version-history":[{"count":0,"href":"https:\/\/jfb-stiftung.de\/st-paulus-stift-herxheim\/wp-json\/wp\/v2\/posts\/7880\/revisions"}],"wp:featuredmedia":[{"embeddable":true,"href":"https:\/\/jfb-stiftung.de\/st-paulus-stift-herxheim\/wp-json\/wp\/v2\/media\/7887"}],"wp:attachment":[{"href":"https:\/\/jfb-stiftung.de\/st-paulus-stift-herxheim\/wp-json\/wp\/v2\/media?parent=7880"}],"wp:term":[{"taxonomy":"category","embeddable":true,"href":"https:\/\/jfb-stiftung.de\/st-paulus-stift-herxheim\/wp-json\/wp\/v2\/categories?post=7880"},{"taxonomy":"post_tag","embeddable":true,"href":"https:\/\/jfb-stiftung.de\/st-paulus-stift-herxheim\/wp-json\/wp\/v2\/tags?post=7880"}],"curies":[{"name":"wp","href":"https:\/\/api.w.org\/{rel}","templated":true}]}}