{"id":7840,"date":"2024-10-04T17:34:07","date_gmt":"2024-10-04T15:34:07","guid":{"rendered":"https:\/\/jfb-stiftung.de\/st-paulus-stift-herxheim\/?p=7840"},"modified":"2024-10-08T08:05:05","modified_gmt":"2024-10-08T06:05:05","slug":"herbstfest-mit-viel-programm","status":"publish","type":"post","link":"https:\/\/jfb-stiftung.de\/st-paulus-stift-herxheim\/herbstfest-mit-viel-programm\/","title":{"rendered":"Herbstfest mit viel Programm"},"content":{"rendered":"<p>Unter dem Motto \u201eViele bunte Blumen ergeben einen Strau\u00df\u201c startete das diesj\u00e4hrige Herbstfest (1.10.2024) mit einem Herbstgottesdienst in unserer voll besetzten Kapelle. Bewohner*innen und Mitarbeiter*innen der Tagesf\u00f6rderst\u00e4tte hatten bunte Herbstblumen gebastelt, die auf dem Altar bestaunt werden konnten. Im Lied \u201eIn Gottes Garten\u201c wurde die Botschaft des Gottesdienstes schwungvoll gesungen:<\/p>\n<p>Kunterbunt ist Gottes Garten<\/p>\n<p>kunterbunt so sind auch wir.<\/p>\n<p>Kunterbunt in allen Farben<\/p>\n<p>kunterbunt ist Gott in mir!<\/p>\n<p>Jeder Mensch ist wie ne Blume<\/p>\n<p>jeder sieht besonders aus<\/p>\n<p>halten wir zusammen gibt das<\/p>\n<p>einen bunten Blumenstrau\u00df!<\/p>\n<p>Die Musik machte die hauseigene Musikgruppe Wunderklang, und die fr\u00f6hliche Stimmung schwappte schnell auf alle \u00fcber, es wurde lebhaft mitgesungen und geklatscht. Herzlichen Dank an den Arbeitskreis Religionsp\u00e4dagogik f\u00fcr die Vorbereitung, Pfarrer Steffen Roth f\u00fcr die mitrei\u00dfende Ausgestaltung, der Tagesf\u00f6rderst\u00e4tte f\u00fcr das Basteln der Blumen und der Musikgruppe Wunderklang unter der Leitung der beiden Musiktherapeutinnen des Hauses. Danach ging es zum gemeinsamen Wei\u00dfwurst-Essen in die Aula und wer mochte konnte bei der anschlie\u00dfenden hausinternen Disko noch das Tanzbein schwingen.<\/p>\n\n\t\t<style type=\"text\/css\">\n\t\t\t#gallery-1 {\n\t\t\t\tmargin: auto;\n\t\t\t}\n\t\t\t#gallery-1 .gallery-item {\n\t\t\t\tfloat: left;\n\t\t\t\tmargin-top: 10px;\n\t\t\t\ttext-align: center;\n\t\t\t\twidth: 33%;\n\t\t\t}\n\t\t\t#gallery-1 img {\n\t\t\t\tborder: 2px solid #cfcfcf;\n\t\t\t}\n\t\t\t#gallery-1 .gallery-caption {\n\t\t\t\tmargin-left: 0;\n\t\t\t}\n\t\t\t\/* see gallery_shortcode() in wp-includes\/media.php *\/\n\t\t<\/style>\n\t\t<div id='gallery-1' class='gallery galleryid-7840 gallery-columns-3 gallery-size-thumbnail'><dl class='gallery-item'>\n\t\t\t<dt class='gallery-icon portrait'>\n\t\t\t\t<a href='https:\/\/jfb-stiftung.de\/st-paulus-stift-herxheim\/herbstfest-mit-viel-programm\/herbstfest-2024-6\/'><img fetchpriority=\"high\" decoding=\"async\" width=\"500\" height=\"500\" src=\"https:\/\/jfb-stiftung.de\/st-paulus-stift-herxheim\/wp-content\/uploads\/sites\/3\/2024\/10\/Herbstfest-2024-6-500x500.jpg\" class=\"attachment-thumbnail size-thumbnail\" alt=\"\"><\/a>\n\t\t\t<\/dt><\/dl><dl class='gallery-item'>\n\t\t\t<dt class='gallery-icon landscape'>\n\t\t\t\t<a href='https:\/\/jfb-stiftung.de\/st-paulus-stift-herxheim\/herbstfest-mit-viel-programm\/herbstfest-2024-4\/'><img decoding=\"async\" width=\"500\" height=\"500\" src=\"https:\/\/jfb-stiftung.de\/st-paulus-stift-herxheim\/wp-content\/uploads\/sites\/3\/2024\/10\/Herbstfest-2024-4-500x500.jpg\" class=\"attachment-thumbnail size-thumbnail\" alt=\"\"><\/a>\n\t\t\t<\/dt><\/dl><dl class='gallery-item'>\n\t\t\t<dt class='gallery-icon landscape'>\n\t\t\t\t<a href='https:\/\/jfb-stiftung.de\/st-paulus-stift-herxheim\/herbstfest-mit-viel-programm\/herbstfest-2024-5\/'><img decoding=\"async\" width=\"500\" height=\"500\" src=\"https:\/\/jfb-stiftung.de\/st-paulus-stift-herxheim\/wp-content\/uploads\/sites\/3\/2024\/10\/Herbstfest-2024-5-500x500.jpg\" class=\"attachment-thumbnail size-thumbnail\" alt=\"\"><\/a>\n\t\t\t<\/dt><\/dl><br style=\"clear: both\" \/>\n\t\t<\/div>\n\n","protected":false},"excerpt":{"rendered":"<p>Unter dem Motto \u201eViele bunte Blumen ergeben einen Strau\u00df\u201c startete das diesj\u00e4hrige Herbstfest (1.10.2024) mit einem Herbstgottesdienst in unserer voll besetzten Kapelle. Bewohner*innen und Mitarbeiter*innen der Tagesf\u00f6rderst\u00e4tte hatten bunte Herbstblumen \u2026<\/p>\n","protected":false},"author":2,"featured_media":7845,"comment_status":"closed","ping_status":"closed","sticky":false,"template":"","format":"standard","meta":{"_acf_changed":false,"footnotes":""},"categories":[32],"tags":[],"class_list":["post-7840","post","type-post","status-publish","format-standard","has-post-thumbnail","hentry","category-st-paulus-stift-herxheim-news"],"acf":[],"publishpress_future_action":{"enabled":false,"date":"2026-05-04 01:34:36","action":"change-status","newStatus":"draft","terms":[],"taxonomy":"category","extraData":[]},"publishpress_future_workflow_manual_trigger":{"enabledWorkflows":[]},"_links":{"self":[{"href":"https:\/\/jfb-stiftung.de\/st-paulus-stift-herxheim\/wp-json\/wp\/v2\/posts\/7840","targetHints":{"allow":["GET"]}}],"collection":[{"href":"https:\/\/jfb-stiftung.de\/st-paulus-stift-herxheim\/wp-json\/wp\/v2\/posts"}],"about":[{"href":"https:\/\/jfb-stiftung.de\/st-paulus-stift-herxheim\/wp-json\/wp\/v2\/types\/post"}],"author":[{"embeddable":true,"href":"https:\/\/jfb-stiftung.de\/st-paulus-stift-herxheim\/wp-json\/wp\/v2\/users\/2"}],"replies":[{"embeddable":true,"href":"https:\/\/jfb-stiftung.de\/st-paulus-stift-herxheim\/wp-json\/wp\/v2\/comments?post=7840"}],"version-history":[{"count":0,"href":"https:\/\/jfb-stiftung.de\/st-paulus-stift-herxheim\/wp-json\/wp\/v2\/posts\/7840\/revisions"}],"wp:featuredmedia":[{"embeddable":true,"href":"https:\/\/jfb-stiftung.de\/st-paulus-stift-herxheim\/wp-json\/wp\/v2\/media\/7845"}],"wp:attachment":[{"href":"https:\/\/jfb-stiftung.de\/st-paulus-stift-herxheim\/wp-json\/wp\/v2\/media?parent=7840"}],"wp:term":[{"taxonomy":"category","embeddable":true,"href":"https:\/\/jfb-stiftung.de\/st-paulus-stift-herxheim\/wp-json\/wp\/v2\/categories?post=7840"},{"taxonomy":"post_tag","embeddable":true,"href":"https:\/\/jfb-stiftung.de\/st-paulus-stift-herxheim\/wp-json\/wp\/v2\/tags?post=7840"}],"curies":[{"name":"wp","href":"https:\/\/api.w.org\/{rel}","templated":true}]}}