{"id":7809,"date":"2024-09-26T13:20:23","date_gmt":"2024-09-26T11:20:23","guid":{"rendered":"https:\/\/jfb-stiftung.de\/st-paulus-stift-herxheim\/mama-und-tochter-beginnen-gleichzeitig-ausbildung\/"},"modified":"2024-09-26T13:20:23","modified_gmt":"2024-09-26T11:20:23","slug":"mama-und-tochter-beginnen-gleichzeitig-ausbildung","status":"publish","type":"post","link":"https:\/\/jfb-stiftung.de\/st-paulus-stift-herxheim\/mama-und-tochter-beginnen-gleichzeitig-ausbildung\/","title":{"rendered":"Mama und Tochter beginnen gleichzeitig Ausbildung"},"content":{"rendered":"<p>Unser ungew\u00f6hnliches Ausbildungsduo hat sogar die Rheinpfalz interessiert und so durften wir uns am Samstag, den 21.9 \u00fcber einen sch\u00f6nen Bericht in der Tageszeitung freuen. Petra arbeitet schon seit f\u00fcnf Jahren im St. Paulus Stift und startet nun mit 53 Jahren ihre Ausbildung. F\u00fcr ihre Tochter Antonia, die bald 18 wird, stand nach dem Praktikum und dem Bundesfreiwilligendienst fest, dass sie Heilerziehungspflegerin werden m\u00f6chte. F\u00fcr beide ist es der Traumberuf schlechthin, denn die Arbeit mit den Menschen gibt ihnen so viel zur\u00fcck, wie sie sagen. \u201eDie Arbeit mit den Bewohnern hat mir von Anfang an sehr viel Spa\u00df gemacht. Es ist was Besonderes. Die Arbeit mit den Menschen erdet mich und liegt mir sehr am Herzen. Die Bewohner geben einem auch sehr viel zur\u00fcck\u201c, fast Petra ihren Traumjob zusammen. Beiden w\u00fcnschen wir viel Spa\u00df in der Ausbildung und freuen uns dar\u00fcber, dass sie dem St. Paulus Stift auch zuk\u00fcnftig treu bleiben m\u00f6chten.<\/p>\n","protected":false},"excerpt":{"rendered":"<p>Unser ungew\u00f6hnliches Ausbildungsduo hat sogar die Rheinpfalz interessiert und so durften wir uns am Samstag, den 21.9 \u00fcber einen sch\u00f6nen Bericht in der Tageszeitung freuen. Petra arbeitet schon seit f\u00fcnf \u2026<\/p>\n","protected":false},"author":2,"featured_media":7810,"comment_status":"closed","ping_status":"closed","sticky":false,"template":"","format":"standard","meta":{"_acf_changed":false,"footnotes":""},"categories":[32],"tags":[],"class_list":["post-7809","post","type-post","status-publish","format-standard","has-post-thumbnail","hentry","category-st-paulus-stift-herxheim-news"],"acf":[],"publishpress_future_action":{"enabled":false,"date":"2026-05-04 01:33:40","action":"change-status","newStatus":"draft","terms":[],"taxonomy":"category","extraData":[]},"publishpress_future_workflow_manual_trigger":{"enabledWorkflows":[]},"_links":{"self":[{"href":"https:\/\/jfb-stiftung.de\/st-paulus-stift-herxheim\/wp-json\/wp\/v2\/posts\/7809","targetHints":{"allow":["GET"]}}],"collection":[{"href":"https:\/\/jfb-stiftung.de\/st-paulus-stift-herxheim\/wp-json\/wp\/v2\/posts"}],"about":[{"href":"https:\/\/jfb-stiftung.de\/st-paulus-stift-herxheim\/wp-json\/wp\/v2\/types\/post"}],"author":[{"embeddable":true,"href":"https:\/\/jfb-stiftung.de\/st-paulus-stift-herxheim\/wp-json\/wp\/v2\/users\/2"}],"replies":[{"embeddable":true,"href":"https:\/\/jfb-stiftung.de\/st-paulus-stift-herxheim\/wp-json\/wp\/v2\/comments?post=7809"}],"version-history":[{"count":0,"href":"https:\/\/jfb-stiftung.de\/st-paulus-stift-herxheim\/wp-json\/wp\/v2\/posts\/7809\/revisions"}],"wp:featuredmedia":[{"embeddable":true,"href":"https:\/\/jfb-stiftung.de\/st-paulus-stift-herxheim\/wp-json\/wp\/v2\/media\/7810"}],"wp:attachment":[{"href":"https:\/\/jfb-stiftung.de\/st-paulus-stift-herxheim\/wp-json\/wp\/v2\/media?parent=7809"}],"wp:term":[{"taxonomy":"category","embeddable":true,"href":"https:\/\/jfb-stiftung.de\/st-paulus-stift-herxheim\/wp-json\/wp\/v2\/categories?post=7809"},{"taxonomy":"post_tag","embeddable":true,"href":"https:\/\/jfb-stiftung.de\/st-paulus-stift-herxheim\/wp-json\/wp\/v2\/tags?post=7809"}],"curies":[{"name":"wp","href":"https:\/\/api.w.org\/{rel}","templated":true}]}}