{"id":7692,"date":"2024-09-10T10:36:17","date_gmt":"2024-09-10T08:36:17","guid":{"rendered":"https:\/\/jfb-stiftung.de\/st-paulus-stift-herxheim\/auf-den-see-und-in-die-berge\/"},"modified":"2024-09-10T10:36:17","modified_gmt":"2024-09-10T08:36:17","slug":"auf-den-see-und-in-die-berge","status":"publish","type":"post","link":"https:\/\/jfb-stiftung.de\/st-paulus-stift-herxheim\/auf-den-see-und-in-die-berge\/","title":{"rendered":"Auf den See und in die Berge"},"content":{"rendered":"<p>Bei dem fast reinen M\u00e4nnerausflug (au\u00dfer einer Betreuerin) entschieden sich die Gruppen 1 und 4 der Tagesf\u00f6rderst\u00e4tte zusammen mit dem Erlebnisp\u00e4dagogen f\u00fcr eine Wandertour ins Dahner Felsenland und anschlie\u00dfendem Bootfahren auf dem Paddelweiher in Hauenstein. Landschaftlich typisch gab es viele Felsen zu bestaunen und einen tollen Ausblick am Ende der Tour vom Paddelweiher auf den Lanzenvater Felsen. Mit dabei auch ein neuer Bewohner des St. Paulus Stifts, der diese Wandertour sehr genoss und sich sehr gut in die Gruppe einf\u00fcgte. Besonders angetan waren alle von den K\u00fchen, die sich am Wegesrand entspannten und die man hautnah beobachten konnte. Auch den beiden Begleitern und der Begleiterin machte dieser Ausflug gro\u00dfen Spa\u00df, vor allem auf dem Boot beim Paddeln herrschte ausgelassene Stimmung. Selbstverst\u00e4ndlich gab es zum Abschluss noch etwas leckeres zu essen in nahegelegenen Biergarten.<\/p>\n\n\t\t<style type=\"text\/css\">\n\t\t\t#gallery-1 {\n\t\t\t\tmargin: auto;\n\t\t\t}\n\t\t\t#gallery-1 .gallery-item {\n\t\t\t\tfloat: left;\n\t\t\t\tmargin-top: 10px;\n\t\t\t\ttext-align: center;\n\t\t\t\twidth: 33%;\n\t\t\t}\n\t\t\t#gallery-1 img {\n\t\t\t\tborder: 2px solid #cfcfcf;\n\t\t\t}\n\t\t\t#gallery-1 .gallery-caption {\n\t\t\t\tmargin-left: 0;\n\t\t\t}\n\t\t\t\/* see gallery_shortcode() in wp-includes\/media.php *\/\n\t\t<\/style>\n\t\t<div id='gallery-1' class='gallery galleryid-7692 gallery-columns-3 gallery-size-thumbnail'><dl class='gallery-item'>\n\t\t\t<dt class='gallery-icon portrait'>\n\t\t\t\t<a href='https:\/\/jfb-stiftung.de\/st-paulus-stift-herxheim\/auf-den-see-und-in-die-berge\/paddelweiher-2\/'><img fetchpriority=\"high\" decoding=\"async\" width=\"500\" height=\"500\" src=\"https:\/\/jfb-stiftung.de\/st-paulus-stift-herxheim\/wp-content\/uploads\/sites\/3\/2024\/09\/Paddelweiher-1-500x500.jpg\" class=\"attachment-thumbnail size-thumbnail\" alt=\"\"><\/a>\n\t\t\t<\/dt><\/dl><dl class='gallery-item'>\n\t\t\t<dt class='gallery-icon portrait'>\n\t\t\t\t<a href='https:\/\/jfb-stiftung.de\/st-paulus-stift-herxheim\/auf-den-see-und-in-die-berge\/boot-paddelweiher\/'><img decoding=\"async\" width=\"500\" height=\"500\" src=\"https:\/\/jfb-stiftung.de\/st-paulus-stift-herxheim\/wp-content\/uploads\/sites\/3\/2024\/09\/Boot-Paddelweiher-500x500.jpg\" class=\"attachment-thumbnail size-thumbnail\" alt=\"\"><\/a>\n\t\t\t<\/dt><\/dl><dl class='gallery-item'>\n\t\t\t<dt class='gallery-icon portrait'>\n\t\t\t\t<a href='https:\/\/jfb-stiftung.de\/st-paulus-stift-herxheim\/auf-den-see-und-in-die-berge\/kuehe\/'><img decoding=\"async\" width=\"500\" height=\"500\" src=\"https:\/\/jfb-stiftung.de\/st-paulus-stift-herxheim\/wp-content\/uploads\/sites\/3\/2024\/09\/Kuehe-500x500.jpg\" class=\"attachment-thumbnail size-thumbnail\" alt=\"\"><\/a>\n\t\t\t<\/dt><\/dl><br style=\"clear: both\" \/>\n\t\t<\/div>\n\n","protected":false},"excerpt":{"rendered":"<p>Bei dem fast reinen M\u00e4nnerausflug (au\u00dfer einer Betreuerin) entschieden sich die Gruppen 1 und 4 der Tagesf\u00f6rderst\u00e4tte zusammen mit dem Erlebnisp\u00e4dagogen f\u00fcr eine Wandertour ins Dahner Felsenland und anschlie\u00dfendem Bootfahren \u2026<\/p>\n","protected":false},"author":2,"featured_media":7696,"comment_status":"closed","ping_status":"closed","sticky":false,"template":"","format":"standard","meta":{"_acf_changed":false,"footnotes":""},"categories":[32],"tags":[],"class_list":["post-7692","post","type-post","status-publish","format-standard","has-post-thumbnail","hentry","category-st-paulus-stift-herxheim-news"],"acf":[],"publishpress_future_action":{"enabled":false,"date":"2026-05-04 03:03:24","action":"change-status","newStatus":"draft","terms":[],"taxonomy":"category","extraData":[]},"publishpress_future_workflow_manual_trigger":{"enabledWorkflows":[]},"_links":{"self":[{"href":"https:\/\/jfb-stiftung.de\/st-paulus-stift-herxheim\/wp-json\/wp\/v2\/posts\/7692","targetHints":{"allow":["GET"]}}],"collection":[{"href":"https:\/\/jfb-stiftung.de\/st-paulus-stift-herxheim\/wp-json\/wp\/v2\/posts"}],"about":[{"href":"https:\/\/jfb-stiftung.de\/st-paulus-stift-herxheim\/wp-json\/wp\/v2\/types\/post"}],"author":[{"embeddable":true,"href":"https:\/\/jfb-stiftung.de\/st-paulus-stift-herxheim\/wp-json\/wp\/v2\/users\/2"}],"replies":[{"embeddable":true,"href":"https:\/\/jfb-stiftung.de\/st-paulus-stift-herxheim\/wp-json\/wp\/v2\/comments?post=7692"}],"version-history":[{"count":0,"href":"https:\/\/jfb-stiftung.de\/st-paulus-stift-herxheim\/wp-json\/wp\/v2\/posts\/7692\/revisions"}],"wp:featuredmedia":[{"embeddable":true,"href":"https:\/\/jfb-stiftung.de\/st-paulus-stift-herxheim\/wp-json\/wp\/v2\/media\/7696"}],"wp:attachment":[{"href":"https:\/\/jfb-stiftung.de\/st-paulus-stift-herxheim\/wp-json\/wp\/v2\/media?parent=7692"}],"wp:term":[{"taxonomy":"category","embeddable":true,"href":"https:\/\/jfb-stiftung.de\/st-paulus-stift-herxheim\/wp-json\/wp\/v2\/categories?post=7692"},{"taxonomy":"post_tag","embeddable":true,"href":"https:\/\/jfb-stiftung.de\/st-paulus-stift-herxheim\/wp-json\/wp\/v2\/tags?post=7692"}],"curies":[{"name":"wp","href":"https:\/\/api.w.org\/{rel}","templated":true}]}}