{"id":7675,"date":"2024-09-09T11:41:45","date_gmt":"2024-09-09T09:41:45","guid":{"rendered":"https:\/\/jfb-stiftung.de\/st-paulus-stift-herxheim\/ein-hoch-auf-unsere-azubis-und-absolventen\/"},"modified":"2024-09-09T11:43:43","modified_gmt":"2024-09-09T09:43:43","slug":"ein-hoch-auf-unsere-azubis-und-absolventen","status":"publish","type":"post","link":"https:\/\/jfb-stiftung.de\/st-paulus-stift-herxheim\/ein-hoch-auf-unsere-azubis-und-absolventen\/","title":{"rendered":"Ein Hoch auf unsere Azubis und Absolventen"},"content":{"rendered":"<p>Eine kleine Feierstunde in der Aula gab es vergangenen Mittwoch (4.9.) f\u00fcr unsere neuen Auszubildenden zur\/zum Heilerziehungspfleger*in und auch unsere diesj\u00e4hrigen HEP-Absolventin und unserem Absolventen. Besonders stolz sind wir in diesem Jahr, dass wir so viele neue Azubis bei uns begr\u00fc\u00dfen d\u00fcrfen. Acht Frauen und M\u00e4nner sind im Wechsel in Schule und Betrieb und lernen innerhalb der n\u00e4chsten zwei Jahre alles wissenswerte rund um die Begleitung und Unterst\u00fctzung der uns anvertrauten Menschen. Unter den Auszubildenden tummeln sich auch zwei ungew\u00f6hnliche P\u00e4rchen: Mutter und Kind starten zeitgleich mit ihrer Ausbildung. Hut ab, vor allem vor den nicht mehr ganz so jungen M\u00fcttern, die nochmal die Schulbank dr\u00fccken. Durch ihre langj\u00e4hrige wertvolle und sehr gute Arbeit als Quereinsteigerinnen bei uns, sind wir uns aber ganz sicher, dass sie die Ausbildung mit links schaffen werden. Eine kleine Aufmerksamkeit zum Ausbildungsstart hatte unsere Ausbildungsbeauftragte auch dabei: Kleine Schult\u00fcten mit S\u00fc\u00dfigkeiten und kleinen Aufmerksamkeiten. Dar\u00fcber hatten sich alle sehr gefreut. Gratuliert wurde in der Feierstunde auch unserer frisch ausgelernten Heilerziehungspflegerin und unserem Heilerziehungspfleger, die wir sehr gerne weiterhin bei uns im St. Paulus Stift Team begr\u00fc\u00dfen d\u00fcrfen. Allen weiterhin viel Spa\u00df und Freude in der neuen Ausbildung oder auch zu ihrem Start ins Berufsleben.<\/p>\n<p>&nbsp;<\/p>\n<div id=\"attachment_7677\" style=\"width: 481px\" class=\"wp-caption aligncenter\"><img fetchpriority=\"high\" decoding=\"async\" aria-describedby=\"caption-attachment-7677\" class=\"wp-image-7677\" src=\"https:\/\/jfb-stiftung.de\/wp-content\/uploads\/2024\/09\/Absolventen-HEP-1000x750.jpg\" alt=\"\" width=\"471\" height=\"353\"><p id=\"caption-attachment-7677\" class=\"wp-caption-text\">Unsere Ausbildungsbeauftragte mit den frischgebackenen Absolventen.<\/p><\/div>\n","protected":false},"excerpt":{"rendered":"<p>Eine kleine Feierstunde in der Aula gab es vergangenen Mittwoch (4.9.) f\u00fcr unsere neuen Auszubildenden zur\/zum Heilerziehungspfleger*in und auch unsere diesj\u00e4hrigen HEP-Absolventin und unserem Absolventen. Besonders stolz sind wir in \u2026<\/p>\n","protected":false},"author":2,"featured_media":7676,"comment_status":"closed","ping_status":"closed","sticky":false,"template":"","format":"standard","meta":{"_acf_changed":false,"footnotes":""},"categories":[32],"tags":[],"class_list":["post-7675","post","type-post","status-publish","format-standard","has-post-thumbnail","hentry","category-st-paulus-stift-herxheim-news"],"acf":[],"publishpress_future_action":{"enabled":false,"date":"2026-05-04 03:02:29","action":"change-status","newStatus":"draft","terms":[],"taxonomy":"category","extraData":[]},"publishpress_future_workflow_manual_trigger":{"enabledWorkflows":[]},"_links":{"self":[{"href":"https:\/\/jfb-stiftung.de\/st-paulus-stift-herxheim\/wp-json\/wp\/v2\/posts\/7675","targetHints":{"allow":["GET"]}}],"collection":[{"href":"https:\/\/jfb-stiftung.de\/st-paulus-stift-herxheim\/wp-json\/wp\/v2\/posts"}],"about":[{"href":"https:\/\/jfb-stiftung.de\/st-paulus-stift-herxheim\/wp-json\/wp\/v2\/types\/post"}],"author":[{"embeddable":true,"href":"https:\/\/jfb-stiftung.de\/st-paulus-stift-herxheim\/wp-json\/wp\/v2\/users\/2"}],"replies":[{"embeddable":true,"href":"https:\/\/jfb-stiftung.de\/st-paulus-stift-herxheim\/wp-json\/wp\/v2\/comments?post=7675"}],"version-history":[{"count":0,"href":"https:\/\/jfb-stiftung.de\/st-paulus-stift-herxheim\/wp-json\/wp\/v2\/posts\/7675\/revisions"}],"wp:featuredmedia":[{"embeddable":true,"href":"https:\/\/jfb-stiftung.de\/st-paulus-stift-herxheim\/wp-json\/wp\/v2\/media\/7676"}],"wp:attachment":[{"href":"https:\/\/jfb-stiftung.de\/st-paulus-stift-herxheim\/wp-json\/wp\/v2\/media?parent=7675"}],"wp:term":[{"taxonomy":"category","embeddable":true,"href":"https:\/\/jfb-stiftung.de\/st-paulus-stift-herxheim\/wp-json\/wp\/v2\/categories?post=7675"},{"taxonomy":"post_tag","embeddable":true,"href":"https:\/\/jfb-stiftung.de\/st-paulus-stift-herxheim\/wp-json\/wp\/v2\/tags?post=7675"}],"curies":[{"name":"wp","href":"https:\/\/api.w.org\/{rel}","templated":true}]}}