{"id":7664,"date":"2024-09-05T12:03:06","date_gmt":"2024-09-05T10:03:06","guid":{"rendered":"https:\/\/jfb-stiftung.de\/st-paulus-stift-herxheim\/mobiles-eisdiele\/"},"modified":"2024-09-05T12:22:45","modified_gmt":"2024-09-05T10:22:45","slug":"mobile-eisdiele","status":"publish","type":"post","link":"https:\/\/jfb-stiftung.de\/st-paulus-stift-herxheim\/mobile-eisdiele\/","title":{"rendered":"Mobile Eisdiele"},"content":{"rendered":"<p>F\u00fcr manche Menschen bei uns ist der Weg zur Eisdiele in den Ort zu beschwerlich und nicht m\u00f6glich. Deshalb kam unser kreatives K\u00fcchenteam rund um Chefin Silvia auf die Idee, die mobile Eistheke, die wir auch auf dem Sommerfest haben, f\u00fcr einen anderen Zweck einzusetzen. Obwohl in der K\u00fcche immer mehr als genug jeden Tag zu tun ist, wurde diese Theke mit leckeren Eissorten best\u00fcckt und \u00fcber den ganzen Sommer immer mal wieder aufgestellt. Oft lie\u00df es sich die Chefin nicht nehmen, die Kugeln selbst auszugeben.\u00a0 Zu dieser Aktion waren immer alle im St. Paulus Stift eingeladen. Mitte Juni startete das K\u00fcchenteam und schnell sprach sich herum, dass es nicht nur viele k\u00f6stliche Sorten gab (,die auch richtig gut schmeckten), sondern, dass eine Kugel aus der mobilen St. Paulus Stift Eisdiele obendrauf auch noch g\u00fcnstig war. Schwer war nur die Entscheidung, f\u00fcr welche Sorte man sich entscheiden sollte: Klassisch? Vanille, Erdbeere, Schokolade, Zitrone oder Nuss? Oder doch ein bisschen extravaganter? Wie w\u00e4re es mit Banane-Crunch, Kirsch-Amarena, Kaffee oder Stracciatella? Kein Wunder, dass die Schlange hin und wieder mal etwas l\u00e4nger war, aber f\u00fcr dieses leckerer Eis lohnte sich das Anstehen. Herzlichen Dank an unser K\u00fcchenteam, dass diese extra Aufgabe den Bewohnerinnen und Bewohnern zuliebe mit so viel Herz und Einsatz auf die Beine gestellt hat und uns so den Sommer vers\u00fc\u00dfte.<\/p>\n<p>&nbsp;<\/p>\n\n\t\t<style type=\"text\/css\">\n\t\t\t#gallery-1 {\n\t\t\t\tmargin: auto;\n\t\t\t}\n\t\t\t#gallery-1 .gallery-item {\n\t\t\t\tfloat: left;\n\t\t\t\tmargin-top: 10px;\n\t\t\t\ttext-align: center;\n\t\t\t\twidth: 33%;\n\t\t\t}\n\t\t\t#gallery-1 img {\n\t\t\t\tborder: 2px solid #cfcfcf;\n\t\t\t}\n\t\t\t#gallery-1 .gallery-caption {\n\t\t\t\tmargin-left: 0;\n\t\t\t}\n\t\t\t\/* see gallery_shortcode() in wp-includes\/media.php *\/\n\t\t<\/style>\n\t\t<div id='gallery-1' class='gallery galleryid-7664 gallery-columns-3 gallery-size-thumbnail'><dl class='gallery-item'>\n\t\t\t<dt class='gallery-icon portrait'>\n\t\t\t\t<a href='https:\/\/jfb-stiftung.de\/st-paulus-stift-herxheim\/mobile-eisdiele\/20240902_135305-2\/'><img fetchpriority=\"high\" decoding=\"async\" width=\"500\" height=\"500\" src=\"https:\/\/jfb-stiftung.de\/st-paulus-stift-herxheim\/wp-content\/uploads\/sites\/3\/2024\/09\/20240902_135305-1-scaled-500x500.jpg\" class=\"attachment-thumbnail size-thumbnail\" alt=\"\"><\/a>\n\t\t\t<\/dt><\/dl><dl class='gallery-item'>\n\t\t\t<dt class='gallery-icon portrait'>\n\t\t\t\t<a href='https:\/\/jfb-stiftung.de\/st-paulus-stift-herxheim\/mobile-eisdiele\/20240902_135251\/'><img decoding=\"async\" width=\"500\" height=\"500\" src=\"https:\/\/jfb-stiftung.de\/st-paulus-stift-herxheim\/wp-content\/uploads\/sites\/3\/2024\/09\/20240902_135251-500x500.jpg\" class=\"attachment-thumbnail size-thumbnail\" alt=\"\"><\/a>\n\t\t\t<\/dt><\/dl><dl class='gallery-item'>\n\t\t\t<dt class='gallery-icon portrait'>\n\t\t\t\t<a href='https:\/\/jfb-stiftung.de\/st-paulus-stift-herxheim\/mobile-eisdiele\/20240902_135302\/'><img decoding=\"async\" width=\"500\" height=\"500\" src=\"https:\/\/jfb-stiftung.de\/st-paulus-stift-herxheim\/wp-content\/uploads\/sites\/3\/2024\/09\/20240902_135302-500x500.jpg\" class=\"attachment-thumbnail size-thumbnail\" alt=\"\"><\/a>\n\t\t\t<\/dt><\/dl><br style=\"clear: both\" \/>\n\t\t<\/div>\n\n","protected":false},"excerpt":{"rendered":"<p>F\u00fcr manche Menschen bei uns ist der Weg zur Eisdiele in den Ort zu beschwerlich und nicht m\u00f6glich. Deshalb kam unser kreatives K\u00fcchenteam rund um Chefin Silvia auf die Idee, \u2026<\/p>\n","protected":false},"author":2,"featured_media":7669,"comment_status":"closed","ping_status":"closed","sticky":false,"template":"","format":"standard","meta":{"_acf_changed":false,"footnotes":""},"categories":[32],"tags":[],"class_list":["post-7664","post","type-post","status-publish","format-standard","has-post-thumbnail","hentry","category-st-paulus-stift-herxheim-news"],"acf":[],"publishpress_future_action":{"enabled":false,"date":"2026-05-04 01:33:37","action":"change-status","newStatus":"draft","terms":[],"taxonomy":"category","extraData":[]},"publishpress_future_workflow_manual_trigger":{"enabledWorkflows":[]},"_links":{"self":[{"href":"https:\/\/jfb-stiftung.de\/st-paulus-stift-herxheim\/wp-json\/wp\/v2\/posts\/7664","targetHints":{"allow":["GET"]}}],"collection":[{"href":"https:\/\/jfb-stiftung.de\/st-paulus-stift-herxheim\/wp-json\/wp\/v2\/posts"}],"about":[{"href":"https:\/\/jfb-stiftung.de\/st-paulus-stift-herxheim\/wp-json\/wp\/v2\/types\/post"}],"author":[{"embeddable":true,"href":"https:\/\/jfb-stiftung.de\/st-paulus-stift-herxheim\/wp-json\/wp\/v2\/users\/2"}],"replies":[{"embeddable":true,"href":"https:\/\/jfb-stiftung.de\/st-paulus-stift-herxheim\/wp-json\/wp\/v2\/comments?post=7664"}],"version-history":[{"count":0,"href":"https:\/\/jfb-stiftung.de\/st-paulus-stift-herxheim\/wp-json\/wp\/v2\/posts\/7664\/revisions"}],"wp:featuredmedia":[{"embeddable":true,"href":"https:\/\/jfb-stiftung.de\/st-paulus-stift-herxheim\/wp-json\/wp\/v2\/media\/7669"}],"wp:attachment":[{"href":"https:\/\/jfb-stiftung.de\/st-paulus-stift-herxheim\/wp-json\/wp\/v2\/media?parent=7664"}],"wp:term":[{"taxonomy":"category","embeddable":true,"href":"https:\/\/jfb-stiftung.de\/st-paulus-stift-herxheim\/wp-json\/wp\/v2\/categories?post=7664"},{"taxonomy":"post_tag","embeddable":true,"href":"https:\/\/jfb-stiftung.de\/st-paulus-stift-herxheim\/wp-json\/wp\/v2\/tags?post=7664"}],"curies":[{"name":"wp","href":"https:\/\/api.w.org\/{rel}","templated":true}]}}