{"id":7641,"date":"2024-09-03T10:54:59","date_gmt":"2024-09-03T08:54:59","guid":{"rendered":"https:\/\/jfb-stiftung.de\/st-paulus-stift-herxheim\/teuflisch-gutes-wandern\/"},"modified":"2024-09-03T12:00:19","modified_gmt":"2024-09-03T10:00:19","slug":"teuflisch-gutes-wandern","status":"publish","type":"post","link":"https:\/\/jfb-stiftung.de\/st-paulus-stift-herxheim\/teuflisch-gutes-wandern\/","title":{"rendered":"Teuflisch gutes Wandern"},"content":{"rendered":"<p>Einen Premiumwanderweg mit hohem Erlebnisfaktor (so stand es zumindest in der Brosch\u00fcre und bewahrheitete sich zum Gl\u00fcck auch) suchte der Erlebnisp\u00e4dagoge f\u00fcr Samstag, den 31.8. aus: Der Teufelspfad in Pirmasens. Benannt nach einem seiner Highlights, dem 14 Meter hohen Teufelsfelsen, bietet dieser Wanderweg entlang des Weges zahlreiche Felsen, Quellen und auch Wasserf\u00e4lle.\u00a0 Die motivierten Wanderer rund um den Erlebnisp\u00e4dagogen und sechs Paulus Stiftler nahmen eine gr\u00f6\u00dfere Runde in Angriff und legten aufgrund der hei\u00dfen Temperaturen jenseits der 30 Grad \u00f6fter mal eine Pause ein. Bewusst ging die Tour auch durch k\u00fchle H\u00f6hlen und an Bachl\u00e4ufen entlang, wo sich jeder kurz erfrischen konnte, der mochte. Ein kleiner Sturz war bei dem etwas anspruchsvolleren Wanderweg auch dabei, doch nach etwas Wasser zum Reinigen der Wunde und vor allem auch dem gutem Zuspruch der anderen, war die Blessur schnell wieder vergessen und es konnte weitergehen. Das beherrschende Thema beim Wandern, was gibt es leckeres zu essen und in welche H\u00fctte wird eingekehrt. Mit der Wahl waren alle hochzufrieden und auf der R\u00fcckfahrt sorgte der Erlebnisp\u00e4dagoge f\u00fcr einen Lacher. Motiviert wollte er gerne ohne Navi zur\u00fcckfahren, doch das ging gr\u00fcndlich schief. Einige der Bewohner merkten vor ihm, dass hier was nicht stimmte und alle mussten kr\u00e4ftig lachen, bevor sie, dieses Mal auf dem richtigen Weg, alle gut gelaunt zur\u00fcck fuhren.<\/p>\n\n\t\t<style type=\"text\/css\">\n\t\t\t#gallery-1 {\n\t\t\t\tmargin: auto;\n\t\t\t}\n\t\t\t#gallery-1 .gallery-item {\n\t\t\t\tfloat: left;\n\t\t\t\tmargin-top: 10px;\n\t\t\t\ttext-align: center;\n\t\t\t\twidth: 33%;\n\t\t\t}\n\t\t\t#gallery-1 img {\n\t\t\t\tborder: 2px solid #cfcfcf;\n\t\t\t}\n\t\t\t#gallery-1 .gallery-caption {\n\t\t\t\tmargin-left: 0;\n\t\t\t}\n\t\t\t\/* see gallery_shortcode() in wp-includes\/media.php *\/\n\t\t<\/style>\n\t\t<div id='gallery-1' class='gallery galleryid-7641 gallery-columns-3 gallery-size-thumbnail'><dl class='gallery-item'>\n\t\t\t<dt class='gallery-icon portrait'>\n\t\t\t\t<a href='https:\/\/jfb-stiftung.de\/st-paulus-stift-herxheim\/teuflisch-gutes-wandern\/hinauf-wandern_teufelstisch\/'><img fetchpriority=\"high\" decoding=\"async\" width=\"500\" height=\"500\" src=\"https:\/\/jfb-stiftung.de\/st-paulus-stift-herxheim\/wp-content\/uploads\/sites\/3\/2024\/09\/Hinauf-wandern_Teufelstisch-500x500.jpeg\" class=\"attachment-thumbnail size-thumbnail\" alt=\"\"><\/a>\n\t\t\t<\/dt><\/dl><dl class='gallery-item'>\n\t\t\t<dt class='gallery-icon portrait'>\n\t\t\t\t<a href='https:\/\/jfb-stiftung.de\/st-paulus-stift-herxheim\/teuflisch-gutes-wandern\/galerie-teufelstisch\/'><img decoding=\"async\" width=\"500\" height=\"500\" src=\"https:\/\/jfb-stiftung.de\/st-paulus-stift-herxheim\/wp-content\/uploads\/sites\/3\/2024\/09\/Galerie-Teufelstisch-500x500.jpg\" class=\"attachment-thumbnail size-thumbnail\" alt=\"\"><\/a>\n\t\t\t<\/dt><\/dl><dl class='gallery-item'>\n\t\t\t<dt class='gallery-icon portrait'>\n\t\t\t\t<a href='https:\/\/jfb-stiftung.de\/st-paulus-stift-herxheim\/teuflisch-gutes-wandern\/teufelstisch-huette\/'><img decoding=\"async\" width=\"500\" height=\"500\" src=\"https:\/\/jfb-stiftung.de\/st-paulus-stift-herxheim\/wp-content\/uploads\/sites\/3\/2024\/09\/Teufelstisch-Huette-scaled-500x500.jpeg\" class=\"attachment-thumbnail size-thumbnail\" alt=\"\"><\/a>\n\t\t\t<\/dt><\/dl><br style=\"clear: both\" \/>\n\t\t<\/div>\n\n","protected":false},"excerpt":{"rendered":"<p>Einen Premiumwanderweg mit hohem Erlebnisfaktor (so stand es zumindest in der Brosch\u00fcre und bewahrheitete sich zum Gl\u00fcck auch) suchte der Erlebnisp\u00e4dagoge f\u00fcr Samstag, den 31.8. aus: Der Teufelspfad in Pirmasens. \u2026<\/p>\n","protected":false},"author":2,"featured_media":7642,"comment_status":"closed","ping_status":"closed","sticky":false,"template":"","format":"standard","meta":{"_acf_changed":false,"footnotes":""},"categories":[32],"tags":[],"class_list":["post-7641","post","type-post","status-publish","format-standard","has-post-thumbnail","hentry","category-st-paulus-stift-herxheim-news"],"acf":[],"publishpress_future_action":{"enabled":false,"date":"2026-05-04 01:33:40","action":"change-status","newStatus":"draft","terms":[],"taxonomy":"category","extraData":[]},"publishpress_future_workflow_manual_trigger":{"enabledWorkflows":[]},"_links":{"self":[{"href":"https:\/\/jfb-stiftung.de\/st-paulus-stift-herxheim\/wp-json\/wp\/v2\/posts\/7641","targetHints":{"allow":["GET"]}}],"collection":[{"href":"https:\/\/jfb-stiftung.de\/st-paulus-stift-herxheim\/wp-json\/wp\/v2\/posts"}],"about":[{"href":"https:\/\/jfb-stiftung.de\/st-paulus-stift-herxheim\/wp-json\/wp\/v2\/types\/post"}],"author":[{"embeddable":true,"href":"https:\/\/jfb-stiftung.de\/st-paulus-stift-herxheim\/wp-json\/wp\/v2\/users\/2"}],"replies":[{"embeddable":true,"href":"https:\/\/jfb-stiftung.de\/st-paulus-stift-herxheim\/wp-json\/wp\/v2\/comments?post=7641"}],"version-history":[{"count":0,"href":"https:\/\/jfb-stiftung.de\/st-paulus-stift-herxheim\/wp-json\/wp\/v2\/posts\/7641\/revisions"}],"wp:featuredmedia":[{"embeddable":true,"href":"https:\/\/jfb-stiftung.de\/st-paulus-stift-herxheim\/wp-json\/wp\/v2\/media\/7642"}],"wp:attachment":[{"href":"https:\/\/jfb-stiftung.de\/st-paulus-stift-herxheim\/wp-json\/wp\/v2\/media?parent=7641"}],"wp:term":[{"taxonomy":"category","embeddable":true,"href":"https:\/\/jfb-stiftung.de\/st-paulus-stift-herxheim\/wp-json\/wp\/v2\/categories?post=7641"},{"taxonomy":"post_tag","embeddable":true,"href":"https:\/\/jfb-stiftung.de\/st-paulus-stift-herxheim\/wp-json\/wp\/v2\/tags?post=7641"}],"curies":[{"name":"wp","href":"https:\/\/api.w.org\/{rel}","templated":true}]}}