{"id":7639,"date":"2024-09-03T09:18:32","date_gmt":"2024-09-03T08:18:32","guid":{"rendered":"https:\/\/jfb-stiftung.de\/st-paulus-stift-herxheim\/mit-der-faehre-ueber-den-rhein\/"},"modified":"2024-10-31T09:47:00","modified_gmt":"2024-10-31T08:47:00","slug":"mit-der-faehre-ueber-den-rhein","status":"publish","type":"post","link":"https:\/\/jfb-stiftung.de\/st-paulus-stift-herxheim\/mit-der-faehre-ueber-den-rhein\/","title":{"rendered":"Mit der F\u00e4hre \u00fcber den Rhein"},"content":{"rendered":"<p>Ein bisschen Spannung war dabei, denn beim gruppen\u00fcbergreifenden Ausflug am Dienstag, den 27.8.2024 bei dem neben dem Erlebnisp\u00e4dagogen auch die Gruppen 1, 4 und 8 der Tagesf\u00f6rderst\u00e4tte dabei waren, wurde zun\u00e4chst einmal nicht verraten wo es genau hingeht. Entsprechend gro\u00df war die Spannung und Aufregung der Ausfl\u00fcgler. In Leimersheim wurde das Geheimnis gel\u00fcftet: Mit der F\u00e4hre &#8222;Peter Pan&#8220; ging es hin\u00fcber ins badische Leopoldshafen. F\u00fcr fast alle eine gro\u00dfe Freude, au\u00dfer einem war ein bisschen flau im Magen. F\u00fcr ihn war es tats\u00e4chlich eine Mutprobe auf die F\u00e4hre zu steigen. Um so sch\u00f6ner, dass er sich traute und auch, wenn er die Hand des Erlebnisp\u00e4dagogen zwischendurch ganz fest hielt, hielt er tapfer durch und z\u00f6gerte auch nicht, die R\u00fcckfahrt wieder anzutreten. Alle anderen hatten beste Laune und freuten sich auf einen sch\u00f6nen Spaziergang, ein leckeres Mittagsessen sowie eine kurze Verschnaufpause auf den Rheinterrassen. So ruhig wie das Wasser an diesem Tag auf dem Rhein war, so ruhig und entspannt ging es auch untereinander zu, so als ob das Wasser eine beruhigende Wirkung auf alle h\u00e4tte. Ganz nah ans Wasser (mit Begleitung) traute sich auch eine ganz neue Bewohnerin des St. Paulus Stifts, die dort vom Ufer aus die gro\u00dfen Schiffe beobachtete. Mit vielen Eindr\u00fccken ging es f\u00fcr alle wieder nach Hause.<\/p>\n<p>&nbsp;<\/p>\n","protected":false},"excerpt":{"rendered":"<p>Ein bisschen Spannung war dabei, denn beim gruppen\u00fcbergreifenden Ausflug am Dienstag, den 27.8.2024 bei dem neben dem Erlebnisp\u00e4dagogen auch die Gruppen 1, 4 und 8 der Tagesf\u00f6rderst\u00e4tte dabei waren, wurde \u2026<\/p>\n","protected":false},"author":2,"featured_media":7916,"comment_status":"closed","ping_status":"closed","sticky":false,"template":"","format":"standard","meta":{"_acf_changed":false,"footnotes":""},"categories":[32],"tags":[],"class_list":["post-7639","post","type-post","status-publish","format-standard","has-post-thumbnail","hentry","category-st-paulus-stift-herxheim-news"],"acf":[],"publishpress_future_action":{"enabled":false,"date":"2026-05-04 03:03:37","action":"change-status","newStatus":"draft","terms":[],"taxonomy":"category","extraData":[]},"publishpress_future_workflow_manual_trigger":{"enabledWorkflows":[]},"_links":{"self":[{"href":"https:\/\/jfb-stiftung.de\/st-paulus-stift-herxheim\/wp-json\/wp\/v2\/posts\/7639","targetHints":{"allow":["GET"]}}],"collection":[{"href":"https:\/\/jfb-stiftung.de\/st-paulus-stift-herxheim\/wp-json\/wp\/v2\/posts"}],"about":[{"href":"https:\/\/jfb-stiftung.de\/st-paulus-stift-herxheim\/wp-json\/wp\/v2\/types\/post"}],"author":[{"embeddable":true,"href":"https:\/\/jfb-stiftung.de\/st-paulus-stift-herxheim\/wp-json\/wp\/v2\/users\/2"}],"replies":[{"embeddable":true,"href":"https:\/\/jfb-stiftung.de\/st-paulus-stift-herxheim\/wp-json\/wp\/v2\/comments?post=7639"}],"version-history":[{"count":0,"href":"https:\/\/jfb-stiftung.de\/st-paulus-stift-herxheim\/wp-json\/wp\/v2\/posts\/7639\/revisions"}],"wp:featuredmedia":[{"embeddable":true,"href":"https:\/\/jfb-stiftung.de\/st-paulus-stift-herxheim\/wp-json\/wp\/v2\/media\/7916"}],"wp:attachment":[{"href":"https:\/\/jfb-stiftung.de\/st-paulus-stift-herxheim\/wp-json\/wp\/v2\/media?parent=7639"}],"wp:term":[{"taxonomy":"category","embeddable":true,"href":"https:\/\/jfb-stiftung.de\/st-paulus-stift-herxheim\/wp-json\/wp\/v2\/categories?post=7639"},{"taxonomy":"post_tag","embeddable":true,"href":"https:\/\/jfb-stiftung.de\/st-paulus-stift-herxheim\/wp-json\/wp\/v2\/tags?post=7639"}],"curies":[{"name":"wp","href":"https:\/\/api.w.org\/{rel}","templated":true}]}}