{"id":7610,"date":"2024-08-13T10:51:32","date_gmt":"2024-08-13T09:51:32","guid":{"rendered":"https:\/\/jfb-stiftung.de\/st-paulus-stift-herxheim\/?p=7610"},"modified":"2024-11-21T14:14:13","modified_gmt":"2024-11-21T13:14:13","slug":"wallfahrt-zum-annaberg","status":"publish","type":"post","link":"https:\/\/jfb-stiftung.de\/st-paulus-stift-herxheim\/wallfahrt-zum-annaberg\/","title":{"rendered":"Wallfahrt zum Annaberg"},"content":{"rendered":"<p>Die Wallfahrt zum Annaberg ist immer ein besonderes Ereignis im Jahreslauf: Am Dienstag, den 06.08.2024, trat Pfarrer Steffen Roth mit 29\u00a0 Teilnehmer*innen des St. Paulus Stifts den Weg zur r\u00f6misch-katholische Wallfahrtskirche St.-Anna-Kapelle im Pf\u00e4lzerwald an. Dort fand um 10.30h f\u00fcr alle eine Messe in der Kapelle statt. Inspiriert und ergriffen von der sch\u00f6nen Predigt ging es nach drau\u00dfen, wo viele das herrliche Sommerwetter genossen oder einfach den Blick \u00fcber die sanft gewellten Weinberge schweifen lie\u00dfen. So konnten die Gedanken noch etwas nachklingen, bevor es weiter zum gemeinsames Mittagessen nach Flemlingen ging. In einem sch\u00f6nen Landlokal konnte sich die Wallfahrts-Gruppe st\u00e4rken und ausgiebig \u00fcber das gemeinsam Erlebte austauschen.<\/p>\n","protected":false},"excerpt":{"rendered":"<p>Die Wallfahrt zum Annaberg ist immer ein besonderes Ereignis im Jahreslauf: Am Dienstag, den 06.08.2024, trat Pfarrer Steffen Roth mit 29\u00a0 Teilnehmer*innen des St. Paulus Stifts den Weg zur r\u00f6misch-katholische \u2026<\/p>\n","protected":false},"author":19,"featured_media":7611,"comment_status":"closed","ping_status":"closed","sticky":false,"template":"","format":"standard","meta":{"_acf_changed":false,"footnotes":""},"categories":[32,1],"tags":[],"class_list":["post-7610","post","type-post","status-publish","format-standard","has-post-thumbnail","hentry","category-st-paulus-stift-herxheim-news","category-neuigkeiten"],"acf":[],"publishpress_future_action":{"enabled":false,"date":"2026-05-04 01:34:41","action":"change-status","newStatus":"draft","terms":[],"taxonomy":"category","extraData":[]},"publishpress_future_workflow_manual_trigger":{"enabledWorkflows":[]},"_links":{"self":[{"href":"https:\/\/jfb-stiftung.de\/st-paulus-stift-herxheim\/wp-json\/wp\/v2\/posts\/7610","targetHints":{"allow":["GET"]}}],"collection":[{"href":"https:\/\/jfb-stiftung.de\/st-paulus-stift-herxheim\/wp-json\/wp\/v2\/posts"}],"about":[{"href":"https:\/\/jfb-stiftung.de\/st-paulus-stift-herxheim\/wp-json\/wp\/v2\/types\/post"}],"author":[{"embeddable":true,"href":"https:\/\/jfb-stiftung.de\/st-paulus-stift-herxheim\/wp-json\/wp\/v2\/users\/19"}],"replies":[{"embeddable":true,"href":"https:\/\/jfb-stiftung.de\/st-paulus-stift-herxheim\/wp-json\/wp\/v2\/comments?post=7610"}],"version-history":[{"count":0,"href":"https:\/\/jfb-stiftung.de\/st-paulus-stift-herxheim\/wp-json\/wp\/v2\/posts\/7610\/revisions"}],"wp:featuredmedia":[{"embeddable":true,"href":"https:\/\/jfb-stiftung.de\/st-paulus-stift-herxheim\/wp-json\/wp\/v2\/media\/7611"}],"wp:attachment":[{"href":"https:\/\/jfb-stiftung.de\/st-paulus-stift-herxheim\/wp-json\/wp\/v2\/media?parent=7610"}],"wp:term":[{"taxonomy":"category","embeddable":true,"href":"https:\/\/jfb-stiftung.de\/st-paulus-stift-herxheim\/wp-json\/wp\/v2\/categories?post=7610"},{"taxonomy":"post_tag","embeddable":true,"href":"https:\/\/jfb-stiftung.de\/st-paulus-stift-herxheim\/wp-json\/wp\/v2\/tags?post=7610"}],"curies":[{"name":"wp","href":"https:\/\/api.w.org\/{rel}","templated":true}]}}