{"id":7579,"date":"2024-08-02T08:30:51","date_gmt":"2024-08-02T06:30:51","guid":{"rendered":"https:\/\/jfb-stiftung.de\/st-paulus-stift-herxheim\/?p=7579"},"modified":"2024-07-24T14:47:06","modified_gmt":"2024-07-24T12:47:06","slug":"ab-in-die-wipfel","status":"publish","type":"post","link":"https:\/\/jfb-stiftung.de\/st-paulus-stift-herxheim\/ab-in-die-wipfel\/","title":{"rendered":"Ab in die Wipfel"},"content":{"rendered":"<p>Gute Sachen sprechen sich herum: Bewohner Julian hatte sich gew\u00fcnscht im Kletterpark in luftiger H\u00f6he sein K\u00f6nnen unter Beweis zu stellen &#8211; Mitte Juli war es dann so weit. Dieses unglaublich tolle Erlebnis f\u00fcr Julian sprach sich herum wie ein Lauffeuer und kam letztlich sogar in unserer Wohngemeinschaft in der Offenbacher Stra\u00dfe an und zwar bei Robert. Er hatte zwar keine genaue Vorstellung was im Hochseilgarten alles auf ihn zukam, aber er war sie sicher, dass er das gerne mal ausprobieren m\u00f6chte. Das wichtigste wusste er aber, um mehrere Meter \u00fcber dem Boden zu klettern: H\u00f6henangst hatte er keine. Wie so oft ist das Bauchgef\u00fchl richtig, denn Robert hatte nicht nur unglaublich viel Spa\u00df im Hochseilgarten Speyer am Sonntag, den 21.07.2024, sondern er erwies sich als Naturtalent. Spielerisch und ohne gro\u00dfe M\u00fche nahm Anf\u00e4nger Robert gleich den schwarzen Parcours ins Visier, denn alle anderen zuvor liefen wie am Schn\u00fcrchen. Unser Erlebnisp\u00e4dagoge hatte ein so gutes Gef\u00fchl, dass er Robert (unter Aufsicht nat\u00fcrlich) beim zweiten Mal ganz alleine klettern lie\u00df. Aha-Erlebnisse gibt es nicht sonderlich viele, aber an diesem Tag hatten beide eins. Unser Erlebnisp\u00e4dagoge lernte, den Kletterk\u00fcnstler in seinem K\u00f6nnen v\u00f6lliges Vertrauen zu geben und f\u00fcr Robert selbst war es ein gro\u00dfartiges Erlebnis, eine wahrliche St\u00e4rkung seines Selbstvertrauens. Gehen wollten beide nicht, aber nach so viel Adrenalin war der Hunger gro\u00df und so lie\u00dfen beide diesen Tag bei einem sch\u00f6nen Mittagsessen am Rheinufer ausklingen.<\/p>\n<p>https:\/\/youtube.com\/shorts\/YRqxvq39kGY?feature=share<\/p>\n<p>&nbsp;<\/p>\n","protected":false},"excerpt":{"rendered":"<p>Gute Sachen sprechen sich herum: Bewohner Julian hatte sich gew\u00fcnscht im Kletterpark in luftiger H\u00f6he sein K\u00f6nnen unter Beweis zu stellen &#8211; Mitte Juli war es dann so weit. Dieses \u2026<\/p>\n","protected":false},"author":2,"featured_media":7580,"comment_status":"closed","ping_status":"closed","sticky":false,"template":"","format":"standard","meta":{"_acf_changed":false,"footnotes":""},"categories":[32],"tags":[],"class_list":["post-7579","post","type-post","status-publish","format-standard","has-post-thumbnail","hentry","category-st-paulus-stift-herxheim-news"],"acf":[],"publishpress_future_action":{"enabled":false,"date":"2026-05-04 03:03:19","action":"change-status","newStatus":"draft","terms":[],"taxonomy":"category","extraData":[]},"publishpress_future_workflow_manual_trigger":{"enabledWorkflows":[]},"_links":{"self":[{"href":"https:\/\/jfb-stiftung.de\/st-paulus-stift-herxheim\/wp-json\/wp\/v2\/posts\/7579","targetHints":{"allow":["GET"]}}],"collection":[{"href":"https:\/\/jfb-stiftung.de\/st-paulus-stift-herxheim\/wp-json\/wp\/v2\/posts"}],"about":[{"href":"https:\/\/jfb-stiftung.de\/st-paulus-stift-herxheim\/wp-json\/wp\/v2\/types\/post"}],"author":[{"embeddable":true,"href":"https:\/\/jfb-stiftung.de\/st-paulus-stift-herxheim\/wp-json\/wp\/v2\/users\/2"}],"replies":[{"embeddable":true,"href":"https:\/\/jfb-stiftung.de\/st-paulus-stift-herxheim\/wp-json\/wp\/v2\/comments?post=7579"}],"version-history":[{"count":0,"href":"https:\/\/jfb-stiftung.de\/st-paulus-stift-herxheim\/wp-json\/wp\/v2\/posts\/7579\/revisions"}],"wp:featuredmedia":[{"embeddable":true,"href":"https:\/\/jfb-stiftung.de\/st-paulus-stift-herxheim\/wp-json\/wp\/v2\/media\/7580"}],"wp:attachment":[{"href":"https:\/\/jfb-stiftung.de\/st-paulus-stift-herxheim\/wp-json\/wp\/v2\/media?parent=7579"}],"wp:term":[{"taxonomy":"category","embeddable":true,"href":"https:\/\/jfb-stiftung.de\/st-paulus-stift-herxheim\/wp-json\/wp\/v2\/categories?post=7579"},{"taxonomy":"post_tag","embeddable":true,"href":"https:\/\/jfb-stiftung.de\/st-paulus-stift-herxheim\/wp-json\/wp\/v2\/tags?post=7579"}],"curies":[{"name":"wp","href":"https:\/\/api.w.org\/{rel}","templated":true}]}}