{"id":7535,"date":"2024-07-23T11:13:47","date_gmt":"2024-07-23T09:13:47","guid":{"rendered":"https:\/\/jfb-stiftung.de\/st-paulus-stift-herxheim\/zum-sommerfest-nach-bayern\/"},"modified":"2024-07-25T08:41:12","modified_gmt":"2024-07-25T06:41:12","slug":"zum-sommerfest-nach-bayern","status":"publish","type":"post","link":"https:\/\/jfb-stiftung.de\/st-paulus-stift-herxheim\/zum-sommerfest-nach-bayern\/","title":{"rendered":"Zum Sommerfest nach Bayern"},"content":{"rendered":"<p>Bekanntlich geh\u00f6ren zur JFB-Stiftung zwei St. Paulus Stifte, die Gr\u00fcndervater Jakob Friedrich Bussereau kurz nacheinander, n\u00e4mlich 1896 + 1897 gegr\u00fcndet hat (und dann von der\u00a0 Kongregation der Schwestern vom Hl. Paulus weitergef\u00fchrt wurden). Nun haben wir nicht nur den Vorteil uns in vielen wichtigen Fragen austauschen und unterst\u00fctzen zu k\u00f6nnen, sondern wir k\u00f6nnen uns auch gegenseitig besuchen. Ein Kurzurlaub im sch\u00f6nen Bayern? Wer sagt da schon &#8222;nein&#8220;. Im St. Paulus Stift Neu\u00f6tting wurde am Sonntag, den 14.7. ein wunderbares Sommerfest gefeiert mit gutem Essen und vielen Mitmach-Aktionen. Neun Bewohner*innen des St. Paulus Stifts Herxheim und einige Begleiter*innen folgten der Einladung aus Bayern sehr gerne und fuhren die rund f\u00fcnf Stunden nach Neu\u00f6tting, um dort drei erlebnisreiche Tage zu verbringen. Das Highlight hier ganz klar, das gro\u00dfe Sommerfest des Stifts. Alles wurde von Seiten der bayrischen Kolleginnen und Kollegen toll organisiert und so konnte die &#8222;Pf\u00e4lzer Delegation&#8220; in den R\u00e4umen der dortigen Tagesst\u00e4tte \u00fcbernachten. F\u00fcr die Herxheimer ein kleines Abenteuer mit vielen lustigen Momenten. Alle wurden herzlich empfangen und es dauert nicht lange, bis alle auf dem Sommerfest integriert waren. Vor allem die Herxheimer Bewohner*innen hatten ihren Spa\u00df und f\u00fchlten sich gleich wie zuhause. Einen herzlichen Dank an unsere lieben Kolleginnen und Kollegen nach Bayern. Uns hat es super gefallen und wir kommen gerne wieder.<\/p>\n\n\t\t<style type=\"text\/css\">\n\t\t\t#gallery-1 {\n\t\t\t\tmargin: auto;\n\t\t\t}\n\t\t\t#gallery-1 .gallery-item {\n\t\t\t\tfloat: left;\n\t\t\t\tmargin-top: 10px;\n\t\t\t\ttext-align: center;\n\t\t\t\twidth: 33%;\n\t\t\t}\n\t\t\t#gallery-1 img {\n\t\t\t\tborder: 2px solid #cfcfcf;\n\t\t\t}\n\t\t\t#gallery-1 .gallery-caption {\n\t\t\t\tmargin-left: 0;\n\t\t\t}\n\t\t\t\/* see gallery_shortcode() in wp-includes\/media.php *\/\n\t\t<\/style>\n\t\t<div id='gallery-1' class='gallery galleryid-7535 gallery-columns-3 gallery-size-thumbnail'><dl class='gallery-item'>\n\t\t\t<dt class='gallery-icon portrait'>\n\t\t\t\t<a href='https:\/\/jfb-stiftung.de\/st-paulus-stift-herxheim\/zum-sommerfest-nach-bayern\/attachment\/2\/'><img fetchpriority=\"high\" decoding=\"async\" width=\"500\" height=\"500\" src=\"https:\/\/jfb-stiftung.de\/st-paulus-stift-herxheim\/wp-content\/uploads\/sites\/3\/2024\/07\/2-scaled-500x500.jpg\" class=\"attachment-thumbnail size-thumbnail\" alt=\"\"><\/a>\n\t\t\t<\/dt><\/dl><dl class='gallery-item'>\n\t\t\t<dt class='gallery-icon landscape'>\n\t\t\t\t<a href='https:\/\/jfb-stiftung.de\/st-paulus-stift-herxheim\/buden\/'><img decoding=\"async\" width=\"500\" height=\"500\" src=\"https:\/\/jfb-stiftung.de\/st-paulus-stift-herxheim\/wp-content\/uploads\/sites\/3\/2024\/07\/Buden-scaled-500x500.jpg\" class=\"attachment-thumbnail size-thumbnail\" alt=\"\"><\/a>\n\t\t\t<\/dt><\/dl><dl class='gallery-item'>\n\t\t\t<dt class='gallery-icon landscape'>\n\t\t\t\t<a href='https:\/\/jfb-stiftung.de\/st-paulus-stift-herxheim\/festzelt\/'><img decoding=\"async\" width=\"500\" height=\"500\" src=\"https:\/\/jfb-stiftung.de\/st-paulus-stift-herxheim\/wp-content\/uploads\/sites\/3\/2024\/07\/Festzelt-scaled-500x500.jpg\" class=\"attachment-thumbnail size-thumbnail\" alt=\"\"><\/a>\n\t\t\t<\/dt><\/dl><br style=\"clear: both\" \/>\n\t\t<\/div>\n\n","protected":false},"excerpt":{"rendered":"<p>Bekanntlich geh\u00f6ren zur JFB-Stiftung zwei St. Paulus Stifte, die Gr\u00fcndervater Jakob Friedrich Bussereau kurz nacheinander, n\u00e4mlich 1896 + 1897 gegr\u00fcndet hat (und dann von der\u00a0 Kongregation der Schwestern vom Hl. \u2026<\/p>\n","protected":false},"author":2,"featured_media":7584,"comment_status":"closed","ping_status":"closed","sticky":false,"template":"","format":"standard","meta":{"_acf_changed":false,"footnotes":""},"categories":[32],"tags":[],"class_list":["post-7535","post","type-post","status-publish","format-standard","has-post-thumbnail","hentry","category-st-paulus-stift-herxheim-news"],"acf":[],"publishpress_future_action":{"enabled":false,"date":"2026-05-06 21:05:35","action":"change-status","newStatus":"draft","terms":[],"taxonomy":"category","extraData":[]},"publishpress_future_workflow_manual_trigger":{"enabledWorkflows":[]},"_links":{"self":[{"href":"https:\/\/jfb-stiftung.de\/st-paulus-stift-herxheim\/wp-json\/wp\/v2\/posts\/7535","targetHints":{"allow":["GET"]}}],"collection":[{"href":"https:\/\/jfb-stiftung.de\/st-paulus-stift-herxheim\/wp-json\/wp\/v2\/posts"}],"about":[{"href":"https:\/\/jfb-stiftung.de\/st-paulus-stift-herxheim\/wp-json\/wp\/v2\/types\/post"}],"author":[{"embeddable":true,"href":"https:\/\/jfb-stiftung.de\/st-paulus-stift-herxheim\/wp-json\/wp\/v2\/users\/2"}],"replies":[{"embeddable":true,"href":"https:\/\/jfb-stiftung.de\/st-paulus-stift-herxheim\/wp-json\/wp\/v2\/comments?post=7535"}],"version-history":[{"count":0,"href":"https:\/\/jfb-stiftung.de\/st-paulus-stift-herxheim\/wp-json\/wp\/v2\/posts\/7535\/revisions"}],"wp:featuredmedia":[{"embeddable":true,"href":"https:\/\/jfb-stiftung.de\/st-paulus-stift-herxheim\/wp-json\/wp\/v2\/media\/7584"}],"wp:attachment":[{"href":"https:\/\/jfb-stiftung.de\/st-paulus-stift-herxheim\/wp-json\/wp\/v2\/media?parent=7535"}],"wp:term":[{"taxonomy":"category","embeddable":true,"href":"https:\/\/jfb-stiftung.de\/st-paulus-stift-herxheim\/wp-json\/wp\/v2\/categories?post=7535"},{"taxonomy":"post_tag","embeddable":true,"href":"https:\/\/jfb-stiftung.de\/st-paulus-stift-herxheim\/wp-json\/wp\/v2\/tags?post=7535"}],"curies":[{"name":"wp","href":"https:\/\/api.w.org\/{rel}","templated":true}]}}