{"id":7388,"date":"2024-06-26T12:01:05","date_gmt":"2024-06-26T10:01:05","guid":{"rendered":"https:\/\/jfb-stiftung.de\/st-paulus-stift-herxheim\/?p=7388"},"modified":"2024-07-16T13:21:27","modified_gmt":"2024-07-16T11:21:27","slug":"viele-besucherinnen-auf-dem-sommerfest","status":"publish","type":"post","link":"https:\/\/jfb-stiftung.de\/st-paulus-stift-herxheim\/viele-besucherinnen-auf-dem-sommerfest\/","title":{"rendered":"Viele Besucher*innen auf dem Sommerfest"},"content":{"rendered":"<p>Zur gro\u00dfen Freude der Bewohner*innen und nat\u00fcrlich auch der Organisatoren des Festes fanden am Sonntag, den 23.06.2024 auch zahlreiche Herxheimer B\u00fcrger*innen den Weg zum St. Paulus Stift. Unter dem Motto \u201eViele Blumen ergeben einen Strau\u00df!\u201c begr\u00fc\u00dfte die Gesch\u00e4ftsbereichsleiterin, Frau Natascha Lettner, die anwesenden G\u00e4ste und \u00fcbergab dann das Wort an Pfarrer Steffen Roth, der, so ist es Tradition, das Sommerfest mit einem Open Air Gottesdienst einleitete.<br \/>\nF\u00fcr beste Stimmung sorgten die Pf\u00e4lzer GuggeGlucke, die gut gelaunte Truppe des Fanfarenzugs Herxheim und nicht zu vergessen unsere hauseigenen Musikgruppe \u201eBella musica\u201c.\u00a0 Zuckers\u00fc\u00df anzuschauen auch die T\u00e4nze der Schautanzgruppe (7 bis 12 Jahre) &#8222;St\u00fcrmchen&#8220; des Karnevalvereins Herxheim.<br \/>\nF\u00fcr die Kleinen waren die Mitmachangebote zum Basteln und Bekleben der Tagesf\u00f6rderst\u00e4tte sehr beliebt. Die offene B\u00fchne lockte vor allem unsere Bewohner, die mutig und gut gelaunt, ihre Tanz- und Gesangsk\u00fcnste zum Besten gaben. Hervorzuheben hier auch das unerm\u00fcdliche Kinderschminken von Gerd Schneider, der durch seine endlose Geduld und seine nicht enden wollende Kreativit\u00e4t ein L\u00e4cheln in die Gesichter der Kinder zauberte.\u00a0 Auch Slackline, Slushies, Waffeln, Eis oder Cocktails waren sehr beliebt. Ein gro\u00dfes Lob auch an das K\u00fcchenteam, dass die Besucher*innen mit einer abwechslungsreichen Speisekarte kulinarisch verw\u00f6hnte, sehr beliebt hier die &#8222;Paulus-Pfanne mit Pommes&#8220; oder der sehr aufwendige &#8222;Fu\u00dfball-Burger&#8220;.\u00a0 Insgesamt wurden mindestens 920 Essen ausgegeben. Besten Dank an die vielen flei\u00dfigen H\u00e4nde, die dieses Sommerfest f\u00fcr unsere Bewohner*innen auf die Beine gestellt haben. Nur mit so vielen Helfer*innen kann ein tolles Fest gelingen und das haben wir gemeinsam geschafft.<\/p>\n<div class=\"brlbs-cmpnt-container brlbs-cmpnt-content-blocker brlbs-cmpnt-with-individual-styles\" data-borlabs-cookie-content-blocker-id=\"youtube-content-blocker\" data-borlabs-cookie-content=\"PGlmcmFtZSB0aXRsZT0iU29tbWVyZmVzdCBpbSBTdC4gUGF1bHVzIFN0aWZ0IEhlcnhoZWltICAjaW5rbHVzaW9uICAjc29tbWVyICAgI1NwYcOfICAjdmllbGZhbHQgI3JlZ2VuYm9nZW4iIHdpZHRoPSI1MDAiIGhlaWdodD0iMzc1IiBzcmM9Imh0dHBzOi8vd3d3LnlvdXR1YmUtbm9jb29raWUuY29tL2VtYmVkL004bGFnUFZhTGRzP2ZlYXR1cmU9b2VtYmVkIiBmcmFtZWJvcmRlcj0iMCIgYWxsb3c9ImFjY2VsZXJvbWV0ZXI7IGF1dG9wbGF5OyBjbGlwYm9hcmQtd3JpdGU7IGVuY3J5cHRlZC1tZWRpYTsgZ3lyb3Njb3BlOyBwaWN0dXJlLWluLXBpY3R1cmU7IHdlYi1zaGFyZSIgcmVmZXJyZXJwb2xpY3k9InN0cmljdC1vcmlnaW4td2hlbi1jcm9zcy1vcmlnaW4iIGFsbG93ZnVsbHNjcmVlbj48L2lmcmFtZT4=\">\n<div class=\"brlbs-cmpnt-cb-preset-c brlbs-cmpnt-cb-youtube\">\n<div class=\"brlbs-cmpnt-cb-thumbnail\" style=\"background-image: url('https:\/\/jfb-stiftung.de\/st-paulus-stift-herxheim\/wp-content\/uploads\/borlabs-cookie\/3\/yt_M8lagPVaLds_hqdefault.jpg')\"><\/div>\n<div class=\"brlbs-cmpnt-cb-main\">\n<div class=\"brlbs-cmpnt-cb-play-button\"><\/div>\n<div class=\"brlbs-cmpnt-cb-content\">\n<p class=\"brlbs-cmpnt-cb-description\">Sie sehen gerade einen Platzhalterinhalt von <strong>YouTube<\/strong>. Um auf den eigentlichen Inhalt zuzugreifen, klicken Sie auf die Schaltfl\u00e4che unten. Bitte beachten Sie, dass dabei Daten an Drittanbieter weitergegeben werden.<\/p>\n<p> <a class=\"brlbs-cmpnt-cb-provider-toggle\" href=\"#\" data-borlabs-cookie-show-provider-information role=\"button\">Mehr Informationen<\/a> <\/div>\n<div class=\"brlbs-cmpnt-cb-buttons\"> <a class=\"brlbs-cmpnt-cb-btn\" href=\"#\" data-borlabs-cookie-unblock role=\"button\">Inhalt entsperren<\/a> <a class=\"brlbs-cmpnt-cb-btn\" href=\"#\" data-borlabs-cookie-accept-service role=\"button\" style=\"display: inherit\">Erforderlichen Service akzeptieren und Inhalte entsperren<\/a> <\/div>\n<\/p><\/div>\n<\/p><\/div>\n<\/div>\n<p><img fetchpriority=\"high\" decoding=\"async\" class=\"wp-image-7391 alignnone\" src=\"https:\/\/jfb-stiftung.de\/st-paulus-stift-herxheim\/wp-content\/uploads\/sites\/3\/2024\/06\/Sommerfest-SPS-HX-2024-1000x750.jpg\" alt=\"\" width=\"332\" height=\"249\" srcset=\"https:\/\/jfb-stiftung.de\/st-paulus-stift-herxheim\/wp-content\/uploads\/sites\/3\/2024\/06\/Sommerfest-SPS-HX-2024-1000x750.jpg 1000w, https:\/\/jfb-stiftung.de\/st-paulus-stift-herxheim\/wp-content\/uploads\/sites\/3\/2024\/06\/Sommerfest-SPS-HX-2024-1500x1125.jpg 1500w, https:\/\/jfb-stiftung.de\/st-paulus-stift-herxheim\/wp-content\/uploads\/sites\/3\/2024\/06\/Sommerfest-SPS-HX-2024-768x576.jpg 768w, https:\/\/jfb-stiftung.de\/st-paulus-stift-herxheim\/wp-content\/uploads\/sites\/3\/2024\/06\/Sommerfest-SPS-HX-2024-1536x1152.jpg 1536w, https:\/\/jfb-stiftung.de\/st-paulus-stift-herxheim\/wp-content\/uploads\/sites\/3\/2024\/06\/Sommerfest-SPS-HX-2024-2048x1536.jpg 2048w\" sizes=\"(max-width: 332px) 100vw, 332px\" \/> <img decoding=\"async\" class=\" wp-image-7403 alignnone\" src=\"https:\/\/jfb-stiftung.de\/st-paulus-stift-herxheim\/wp-content\/uploads\/sites\/3\/2024\/07\/Sommerfest-HX-Slackline-1000x750.jpg\" alt=\"\" width=\"332\" height=\"249\" srcset=\"https:\/\/jfb-stiftung.de\/st-paulus-stift-herxheim\/wp-content\/uploads\/sites\/3\/2024\/07\/Sommerfest-HX-Slackline-1000x750.jpg 1000w, https:\/\/jfb-stiftung.de\/st-paulus-stift-herxheim\/wp-content\/uploads\/sites\/3\/2024\/07\/Sommerfest-HX-Slackline-1500x1125.jpg 1500w, https:\/\/jfb-stiftung.de\/st-paulus-stift-herxheim\/wp-content\/uploads\/sites\/3\/2024\/07\/Sommerfest-HX-Slackline-768x576.jpg 768w, https:\/\/jfb-stiftung.de\/st-paulus-stift-herxheim\/wp-content\/uploads\/sites\/3\/2024\/07\/Sommerfest-HX-Slackline-1536x1152.jpg 1536w, https:\/\/jfb-stiftung.de\/st-paulus-stift-herxheim\/wp-content\/uploads\/sites\/3\/2024\/07\/Sommerfest-HX-Slackline.jpg 1600w\" sizes=\"(max-width: 332px) 100vw, 332px\" \/> <img decoding=\"async\" class=\" wp-image-7390 alignnone\" src=\"https:\/\/jfb-stiftung.de\/st-paulus-stift-herxheim\/wp-content\/uploads\/sites\/3\/2024\/06\/Sommerfest-SPS-HX-2024-I-1000x750.jpg\" alt=\"\" width=\"332\" height=\"249\" srcset=\"https:\/\/jfb-stiftung.de\/st-paulus-stift-herxheim\/wp-content\/uploads\/sites\/3\/2024\/06\/Sommerfest-SPS-HX-2024-I-1000x750.jpg 1000w, https:\/\/jfb-stiftung.de\/st-paulus-stift-herxheim\/wp-content\/uploads\/sites\/3\/2024\/06\/Sommerfest-SPS-HX-2024-I-1500x1125.jpg 1500w, https:\/\/jfb-stiftung.de\/st-paulus-stift-herxheim\/wp-content\/uploads\/sites\/3\/2024\/06\/Sommerfest-SPS-HX-2024-I-768x576.jpg 768w, https:\/\/jfb-stiftung.de\/st-paulus-stift-herxheim\/wp-content\/uploads\/sites\/3\/2024\/06\/Sommerfest-SPS-HX-2024-I-1536x1152.jpg 1536w, https:\/\/jfb-stiftung.de\/st-paulus-stift-herxheim\/wp-content\/uploads\/sites\/3\/2024\/06\/Sommerfest-SPS-HX-2024-I-2048x1536.jpg 2048w\" sizes=\"(max-width: 332px) 100vw, 332px\" \/> <img loading=\"lazy\" decoding=\"async\" class=\" wp-image-7410 alignnone\" src=\"https:\/\/jfb-stiftung.de\/st-paulus-stift-herxheim\/wp-content\/uploads\/sites\/3\/2024\/07\/Sommerfest-SPS-HX-2024-1000x750.jpg\" alt=\"\" width=\"340\" height=\"255\"> <img loading=\"lazy\" decoding=\"async\" class=\" wp-image-7409 alignnone\" src=\"https:\/\/jfb-stiftung.de\/st-paulus-stift-herxheim\/wp-content\/uploads\/sites\/3\/2024\/07\/SPS-HX-2024-Sommerfest-1000x750.jpg\" alt=\"\" width=\"337\" height=\"253\"> <img loading=\"lazy\" decoding=\"async\" class=\" wp-image-7408 alignnone\" src=\"https:\/\/jfb-stiftung.de\/st-paulus-stift-herxheim\/wp-content\/uploads\/sites\/3\/2024\/07\/Publikum-Sommerfest-SPS-HX-2024-1000x750.jpg\" alt=\"\" width=\"334\" height=\"250\"><\/p>\n<p><img loading=\"lazy\" decoding=\"async\" class=\"wp-image-7404 aligncenter\" src=\"https:\/\/jfb-stiftung.de\/st-paulus-stift-herxheim\/wp-content\/uploads\/sites\/3\/2024\/07\/Sommerfest-von-oben-SPS-HX-750x1000.jpg\" alt=\"\" width=\"509\" height=\"678\" srcset=\"https:\/\/jfb-stiftung.de\/st-paulus-stift-herxheim\/wp-content\/uploads\/sites\/3\/2024\/07\/Sommerfest-von-oben-SPS-HX-750x1000.jpg 750w, https:\/\/jfb-stiftung.de\/st-paulus-stift-herxheim\/wp-content\/uploads\/sites\/3\/2024\/07\/Sommerfest-von-oben-SPS-HX-900x1200.jpg 900w, https:\/\/jfb-stiftung.de\/st-paulus-stift-herxheim\/wp-content\/uploads\/sites\/3\/2024\/07\/Sommerfest-von-oben-SPS-HX-768x1024.jpg 768w, https:\/\/jfb-stiftung.de\/st-paulus-stift-herxheim\/wp-content\/uploads\/sites\/3\/2024\/07\/Sommerfest-von-oben-SPS-HX.jpg 1000w\" sizes=\"(max-width: 509px) 100vw, 509px\" \/><\/p>\n<p>&nbsp;<\/p>\n<p>&nbsp;<\/p>\n","protected":false},"excerpt":{"rendered":"<p>Zur gro\u00dfen Freude der Bewohner*innen und nat\u00fcrlich auch der Organisatoren des Festes fanden am Sonntag, den 23.06.2024 auch zahlreiche Herxheimer B\u00fcrger*innen den Weg zum St. Paulus Stift. Unter dem Motto \u2026<\/p>\n","protected":false},"author":2,"featured_media":7405,"comment_status":"closed","ping_status":"closed","sticky":false,"template":"","format":"standard","meta":{"_acf_changed":false,"footnotes":""},"categories":[32],"tags":[],"class_list":["post-7388","post","type-post","status-publish","format-standard","has-post-thumbnail","hentry","category-st-paulus-stift-herxheim-news"],"acf":[],"publishpress_future_action":{"enabled":false,"date":"2026-05-04 01:41:21","action":"change-status","newStatus":"draft","terms":[],"taxonomy":"category","extraData":[]},"publishpress_future_workflow_manual_trigger":{"enabledWorkflows":[]},"_links":{"self":[{"href":"https:\/\/jfb-stiftung.de\/st-paulus-stift-herxheim\/wp-json\/wp\/v2\/posts\/7388","targetHints":{"allow":["GET"]}}],"collection":[{"href":"https:\/\/jfb-stiftung.de\/st-paulus-stift-herxheim\/wp-json\/wp\/v2\/posts"}],"about":[{"href":"https:\/\/jfb-stiftung.de\/st-paulus-stift-herxheim\/wp-json\/wp\/v2\/types\/post"}],"author":[{"embeddable":true,"href":"https:\/\/jfb-stiftung.de\/st-paulus-stift-herxheim\/wp-json\/wp\/v2\/users\/2"}],"replies":[{"embeddable":true,"href":"https:\/\/jfb-stiftung.de\/st-paulus-stift-herxheim\/wp-json\/wp\/v2\/comments?post=7388"}],"version-history":[{"count":0,"href":"https:\/\/jfb-stiftung.de\/st-paulus-stift-herxheim\/wp-json\/wp\/v2\/posts\/7388\/revisions"}],"wp:featuredmedia":[{"embeddable":true,"href":"https:\/\/jfb-stiftung.de\/st-paulus-stift-herxheim\/wp-json\/wp\/v2\/media\/7405"}],"wp:attachment":[{"href":"https:\/\/jfb-stiftung.de\/st-paulus-stift-herxheim\/wp-json\/wp\/v2\/media?parent=7388"}],"wp:term":[{"taxonomy":"category","embeddable":true,"href":"https:\/\/jfb-stiftung.de\/st-paulus-stift-herxheim\/wp-json\/wp\/v2\/categories?post=7388"},{"taxonomy":"post_tag","embeddable":true,"href":"https:\/\/jfb-stiftung.de\/st-paulus-stift-herxheim\/wp-json\/wp\/v2\/tags?post=7388"}],"curies":[{"name":"wp","href":"https:\/\/api.w.org\/{rel}","templated":true}]}}