{"id":7258,"date":"2024-05-14T10:02:12","date_gmt":"2024-05-14T08:02:12","guid":{"rendered":"https:\/\/jfb-stiftung.de\/st-paulus-stift-herxheim\/urlaub-im-schwarzwald\/"},"modified":"2024-05-14T10:14:08","modified_gmt":"2024-05-14T08:14:08","slug":"urlaub-im-schwarzwald","status":"publish","type":"post","link":"https:\/\/jfb-stiftung.de\/st-paulus-stift-herxheim\/urlaub-im-schwarzwald\/","title":{"rendered":"Urlaub im Schwarzwald"},"content":{"rendered":"<p>Wir lieben Action, wir lieben Unternehmungen und wir lieben Kurztrips und ja, der Schwarzwald hat es uns angetan. So ging es volle 5 Tage (vom 22.4 bis zum 26.04.) mit unserem Bus ab in den sch\u00f6nen Schwarzwald, wo an jedem Tag ein buntes Programm made by unserer Erlebnisp\u00e4dagogik auf die Urlauber wartete:<\/p>\n<ol>\n<li>Tag: Burg Fleckenstein, Sommerrodelbahn und abends kegeln und Billiard.<\/li>\n<li>Tag: Schaffhausen (Rheinfall) und Abendessen in einer Pizzeria.<\/li>\n<li>Tag: Zippline und Shopping in Villingen-Schwenningen mit anschlie\u00dfend Abendessen.<\/li>\n<li>Tag: Triberger Wasserf\u00e4lle und Museum mit Abschlussessen und am Abend Lagerfeuer.<\/li>\n<li>Tag: Heimfahrt mit Besuch in einem gro\u00dfen Streichelzoo<\/li>\n<\/ol>\n<p>Doch das allerbeste Programm wird nur durch die wichtigste Zutat, n\u00e4mlich unsere grandiosen Teilnehmer*innen, zu einem unvergesslichen Erlebnis. Gute Laune und vor allem gen\u00fcgend Proviant waren immer dabei, am allerliebsten wurden Cracker gegessen und die vorzugsweise im Bus (herzlichen Dank an unseren Erlebnisp\u00e4dagogen, der im Nachgang zum Urlaub stundenlang das Auto aussaugte). Auf den Tagestrips waren die Rucks\u00e4cke voll mit allerhand Leckereien und um die Last zu verteilen, wechselten sich alle mit dem Tragen ab. Meist ging es gut gelaunt und auch etwas chaotisch zu &#8211; vor allem wurde so manches mal falsch abgebogen und die Tour zu den Locations dauerte l\u00e4nger als geplant &#8211; da fragten die Bewohner*innen vorab schon gewitzt, ob denn die Begleiter*innen heute w\u00fcssten wo es hingeht. Zur Beruhigung: Ans Ziel kamen sie immer (nur dauerte es manchmal etwas l\u00e4nger). Insgesamt ein toller Kurztrip bei dem eines an erster Stelle stand: Spa\u00df und davon mehr als genug.<\/p>\n<p>&nbsp;<\/p>\n<p><img fetchpriority=\"high\" decoding=\"async\" class=\"aligncenter size-full wp-image-7260\" src=\"https:\/\/jfb-stiftung.de\/st-paulus-stift-herxheim\/wp-content\/uploads\/sites\/3\/2024\/05\/Collage-Schwarzwald-2024_lowres.png\" alt=\"\" width=\"800\" height=\"674\" srcset=\"https:\/\/jfb-stiftung.de\/st-paulus-stift-herxheim\/wp-content\/uploads\/sites\/3\/2024\/05\/Collage-Schwarzwald-2024_lowres.png 800w, https:\/\/jfb-stiftung.de\/st-paulus-stift-herxheim\/wp-content\/uploads\/sites\/3\/2024\/05\/Collage-Schwarzwald-2024_lowres-768x647.png 768w\" sizes=\"(max-width: 800px) 100vw, 800px\" \/><\/p>\n","protected":false},"excerpt":{"rendered":"<p>Wir lieben Action, wir lieben Unternehmungen und wir lieben Kurztrips und ja, der Schwarzwald hat es uns angetan. So ging es volle 5 Tage (vom 22.4 bis zum 26.04.) mit \u2026<\/p>\n","protected":false},"author":2,"featured_media":7259,"comment_status":"closed","ping_status":"closed","sticky":false,"template":"","format":"standard","meta":{"_acf_changed":false,"footnotes":""},"categories":[32],"tags":[],"class_list":["post-7258","post","type-post","status-publish","format-standard","has-post-thumbnail","hentry","category-st-paulus-stift-herxheim-news"],"acf":[],"publishpress_future_action":{"enabled":false,"date":"2026-05-04 03:03:23","action":"change-status","newStatus":"draft","terms":[],"taxonomy":"category","extraData":[]},"publishpress_future_workflow_manual_trigger":{"enabledWorkflows":[]},"_links":{"self":[{"href":"https:\/\/jfb-stiftung.de\/st-paulus-stift-herxheim\/wp-json\/wp\/v2\/posts\/7258","targetHints":{"allow":["GET"]}}],"collection":[{"href":"https:\/\/jfb-stiftung.de\/st-paulus-stift-herxheim\/wp-json\/wp\/v2\/posts"}],"about":[{"href":"https:\/\/jfb-stiftung.de\/st-paulus-stift-herxheim\/wp-json\/wp\/v2\/types\/post"}],"author":[{"embeddable":true,"href":"https:\/\/jfb-stiftung.de\/st-paulus-stift-herxheim\/wp-json\/wp\/v2\/users\/2"}],"replies":[{"embeddable":true,"href":"https:\/\/jfb-stiftung.de\/st-paulus-stift-herxheim\/wp-json\/wp\/v2\/comments?post=7258"}],"version-history":[{"count":0,"href":"https:\/\/jfb-stiftung.de\/st-paulus-stift-herxheim\/wp-json\/wp\/v2\/posts\/7258\/revisions"}],"wp:featuredmedia":[{"embeddable":true,"href":"https:\/\/jfb-stiftung.de\/st-paulus-stift-herxheim\/wp-json\/wp\/v2\/media\/7259"}],"wp:attachment":[{"href":"https:\/\/jfb-stiftung.de\/st-paulus-stift-herxheim\/wp-json\/wp\/v2\/media?parent=7258"}],"wp:term":[{"taxonomy":"category","embeddable":true,"href":"https:\/\/jfb-stiftung.de\/st-paulus-stift-herxheim\/wp-json\/wp\/v2\/categories?post=7258"},{"taxonomy":"post_tag","embeddable":true,"href":"https:\/\/jfb-stiftung.de\/st-paulus-stift-herxheim\/wp-json\/wp\/v2\/tags?post=7258"}],"curies":[{"name":"wp","href":"https:\/\/api.w.org\/{rel}","templated":true}]}}