{"id":7172,"date":"2024-04-24T10:13:58","date_gmt":"2024-04-24T08:13:58","guid":{"rendered":"https:\/\/jfb-stiftung.de\/st-paulus-stift-herxheim\/wir-feiern-15-jahre-haus-ruelzheim\/"},"modified":"2024-04-24T10:15:52","modified_gmt":"2024-04-24T08:15:52","slug":"wir-feiern-15-jahre-haus-ruelzheim","status":"publish","type":"post","link":"https:\/\/jfb-stiftung.de\/st-paulus-stift-herxheim\/wir-feiern-15-jahre-haus-ruelzheim\/","title":{"rendered":"Wir feiern: 15 Jahre Haus R\u00fclzheim"},"content":{"rendered":"<p>Unsere beiden H\u00e4user in R\u00fclzheim und auch Edenkoben feiern in diesem Jahr ihr 15-j\u00e4hriges Bestehen. Lange \u00fcberlegten die Hausleitungen, wie sie dieses tolle Jubil\u00e4um feiern m\u00f6chten und da alle gerne einfach gemeinsam etwas miteinander unternehmen wollten, war der Gedanke an ein gro\u00dfes \u00f6ffentliches Fest bei beiden Hausleitungen gleich wieder ad acta gelegt worden. Denn ein sch\u00f6ner Ausflug im kleinen und zwar mit allen Mitarbeiter*innen und auch Bewohner*innen zusammen, war der eigentliche Wunsch. So ging es f\u00fcr das Team R\u00fclzheim auf ihren Jubil\u00e4umsausflug nach Speyer. Die eisigen Temperaturen und die st\u00fcrmische regnerische Brise am Dienstag, den 16.4. 2024 sorgte zwar f\u00fcr ein kurzfristiges umdisponieren der Location, aber der Stimmung tat das zum Gl\u00fcck keinen Abbruch. Auch die angek\u00fcndigten Streiks der Bahn an diesem Tag, machte die Crew erfinderisch und so entschieden sich die meisten dazu auf Nummer sicher zu gehen und das Auto zu nutzen. So griff das Team R\u00fclzheim auf den Fuhrpark des St. Paulus Stifts Herxheim zur\u00fcck und alle kamen gut gelaunt an. Und das Wichtigste: Alle hatten gro\u00dfe Lust einen sch\u00f6nen Tag in Speyer zu verbringen. Zuerst ging es ins Technik Museum. Dort konnten gewaltige Dampfloks, Rennautos, Flugzeuge, U-Boote und sogar Space Shuttles hautnah erlebt werden. Wer mochte, das konnte jeder nach Lust und Laune entscheiden, g\u00f6nnte sich noch ein besonderes Erlebnis des Filmschauens &#8211; statt auf einer flachen Leinwand wurde der Film im Imaxx Dome auf einer Kuppel angeschaut, was f\u00fcr einen besonderen 3-D Effekt sorgte. Ohne gutes Essen gibt es keinen Teamausflug, besonders nicht dann, wenn ein solch sch\u00f6nes Jubil\u00e4um gefeiert werden kann. Also ging es ab in ein gut b\u00fcrgerliches und besonders leckeres Lokal, bei dem alle nach Herzenslust schlemmen durften. Bestens gelaunt ging es wieder nach Hause nach R\u00fclzheim und alle waren sich einig: Gro\u00dfe Feiern sind sch\u00f6n, aber ganz entspannt im Kleinen kann auch so unendlich gut sein. Ohne Stress, locker und frei einfach zusammen einen Tag genie\u00dfen und auf eines kommt es ja letztlich an: Auf das Zusammensein.<\/p>\n<p><img fetchpriority=\"high\" decoding=\"async\" class=\"aligncenter size-full wp-image-7173\" src=\"https:\/\/jfb-stiftung.de\/st-paulus-stift-herxheim\/wp-content\/uploads\/sites\/3\/2024\/04\/Collage-15-Jahre-Ruelzheim.png\" alt=\"\" width=\"1000\" height=\"595\" srcset=\"https:\/\/jfb-stiftung.de\/st-paulus-stift-herxheim\/wp-content\/uploads\/sites\/3\/2024\/04\/Collage-15-Jahre-Ruelzheim.png 1000w, https:\/\/jfb-stiftung.de\/st-paulus-stift-herxheim\/wp-content\/uploads\/sites\/3\/2024\/04\/Collage-15-Jahre-Ruelzheim-768x457.png 768w\" sizes=\"(max-width: 1000px) 100vw, 1000px\" \/><\/p>\n","protected":false},"excerpt":{"rendered":"<p>Unsere beiden H\u00e4user in R\u00fclzheim und auch Edenkoben feiern in diesem Jahr ihr 15-j\u00e4hriges Bestehen. Lange \u00fcberlegten die Hausleitungen, wie sie dieses tolle Jubil\u00e4um feiern m\u00f6chten und da alle gerne \u2026<\/p>\n","protected":false},"author":2,"featured_media":7174,"comment_status":"closed","ping_status":"closed","sticky":false,"template":"","format":"standard","meta":{"_acf_changed":false,"footnotes":""},"categories":[32],"tags":[],"class_list":["post-7172","post","type-post","status-publish","format-standard","has-post-thumbnail","hentry","category-st-paulus-stift-herxheim-news"],"acf":[],"publishpress_future_action":{"enabled":false,"date":"2026-05-04 01:41:58","action":"change-status","newStatus":"draft","terms":[],"taxonomy":"category","extraData":[]},"publishpress_future_workflow_manual_trigger":{"enabledWorkflows":[]},"_links":{"self":[{"href":"https:\/\/jfb-stiftung.de\/st-paulus-stift-herxheim\/wp-json\/wp\/v2\/posts\/7172","targetHints":{"allow":["GET"]}}],"collection":[{"href":"https:\/\/jfb-stiftung.de\/st-paulus-stift-herxheim\/wp-json\/wp\/v2\/posts"}],"about":[{"href":"https:\/\/jfb-stiftung.de\/st-paulus-stift-herxheim\/wp-json\/wp\/v2\/types\/post"}],"author":[{"embeddable":true,"href":"https:\/\/jfb-stiftung.de\/st-paulus-stift-herxheim\/wp-json\/wp\/v2\/users\/2"}],"replies":[{"embeddable":true,"href":"https:\/\/jfb-stiftung.de\/st-paulus-stift-herxheim\/wp-json\/wp\/v2\/comments?post=7172"}],"version-history":[{"count":0,"href":"https:\/\/jfb-stiftung.de\/st-paulus-stift-herxheim\/wp-json\/wp\/v2\/posts\/7172\/revisions"}],"wp:featuredmedia":[{"embeddable":true,"href":"https:\/\/jfb-stiftung.de\/st-paulus-stift-herxheim\/wp-json\/wp\/v2\/media\/7174"}],"wp:attachment":[{"href":"https:\/\/jfb-stiftung.de\/st-paulus-stift-herxheim\/wp-json\/wp\/v2\/media?parent=7172"}],"wp:term":[{"taxonomy":"category","embeddable":true,"href":"https:\/\/jfb-stiftung.de\/st-paulus-stift-herxheim\/wp-json\/wp\/v2\/categories?post=7172"},{"taxonomy":"post_tag","embeddable":true,"href":"https:\/\/jfb-stiftung.de\/st-paulus-stift-herxheim\/wp-json\/wp\/v2\/tags?post=7172"}],"curies":[{"name":"wp","href":"https:\/\/api.w.org\/{rel}","templated":true}]}}