{"id":7142,"date":"2024-04-15T10:03:04","date_gmt":"2024-04-15T08:03:04","guid":{"rendered":"https:\/\/jfb-stiftung.de\/st-paulus-stift-herxheim\/?p=7142"},"modified":"2024-04-15T10:03:04","modified_gmt":"2024-04-15T08:03:04","slug":"ein-glas-wein-mit-der-weinprinzessin","status":"publish","type":"post","link":"https:\/\/jfb-stiftung.de\/st-paulus-stift-herxheim\/ein-glas-wein-mit-der-weinprinzessin\/","title":{"rendered":"Ein Glas Wein mit der Weinprinzessin"},"content":{"rendered":"<p>\u00dcber die Einladung der Stadt Edenkoben zum Tag der \u00e4lteren Generation in den Kurpfalzsaal zu kommen, freuten sich zwei Bewohnerinnen des Hauses Edenkoben sehr. Am Mittwoch, den 10.04. begr\u00fc\u00dfte Stadtb\u00fcrgermeister Ludwig Lintz sowie die charmante Weinprinzessin Steffi I. die zahlreichen Besucher*innen sehr herzlich im festlich dekorierten Saal. Neben Kaffee, Kuchen, herzhaften Knabbereien und einem Gl\u00e4schen Wein wurde dem Publikum ein vielf\u00e4ltiges Programm geboten. Besonders gefielen unseren beiden lebensfrohen Seniorinnen die Sketche, die die Lachmuskeln strapazierten und die sch\u00f6nen Gesangs- und Musikeinlagen unter anderem auch von Sch\u00fcler*innen der Bl\u00e4serklasse der Paul-Gillet-Realschule Edenkoben. Eine wunderbare Erinnerung bekamen die beiden auch: Ein gemeinsames Foto mit der Weinprinzessin.<\/p>\n","protected":false},"excerpt":{"rendered":"<p>\u00dcber die Einladung der Stadt Edenkoben zum Tag der \u00e4lteren Generation in den Kurpfalzsaal zu kommen, freuten sich zwei Bewohnerinnen des Hauses Edenkoben sehr. Am Mittwoch, den 10.04. begr\u00fc\u00dfte Stadtb\u00fcrgermeister \u2026<\/p>\n","protected":false},"author":2,"featured_media":7143,"comment_status":"closed","ping_status":"closed","sticky":false,"template":"","format":"standard","meta":{"_acf_changed":false,"footnotes":""},"categories":[32],"tags":[],"class_list":["post-7142","post","type-post","status-publish","format-standard","has-post-thumbnail","hentry","category-st-paulus-stift-herxheim-news"],"acf":[],"publishpress_future_action":{"enabled":false,"date":"2026-05-04 01:33:39","action":"change-status","newStatus":"draft","terms":[],"taxonomy":"category","extraData":[]},"publishpress_future_workflow_manual_trigger":{"enabledWorkflows":[]},"_links":{"self":[{"href":"https:\/\/jfb-stiftung.de\/st-paulus-stift-herxheim\/wp-json\/wp\/v2\/posts\/7142","targetHints":{"allow":["GET"]}}],"collection":[{"href":"https:\/\/jfb-stiftung.de\/st-paulus-stift-herxheim\/wp-json\/wp\/v2\/posts"}],"about":[{"href":"https:\/\/jfb-stiftung.de\/st-paulus-stift-herxheim\/wp-json\/wp\/v2\/types\/post"}],"author":[{"embeddable":true,"href":"https:\/\/jfb-stiftung.de\/st-paulus-stift-herxheim\/wp-json\/wp\/v2\/users\/2"}],"replies":[{"embeddable":true,"href":"https:\/\/jfb-stiftung.de\/st-paulus-stift-herxheim\/wp-json\/wp\/v2\/comments?post=7142"}],"version-history":[{"count":0,"href":"https:\/\/jfb-stiftung.de\/st-paulus-stift-herxheim\/wp-json\/wp\/v2\/posts\/7142\/revisions"}],"wp:featuredmedia":[{"embeddable":true,"href":"https:\/\/jfb-stiftung.de\/st-paulus-stift-herxheim\/wp-json\/wp\/v2\/media\/7143"}],"wp:attachment":[{"href":"https:\/\/jfb-stiftung.de\/st-paulus-stift-herxheim\/wp-json\/wp\/v2\/media?parent=7142"}],"wp:term":[{"taxonomy":"category","embeddable":true,"href":"https:\/\/jfb-stiftung.de\/st-paulus-stift-herxheim\/wp-json\/wp\/v2\/categories?post=7142"},{"taxonomy":"post_tag","embeddable":true,"href":"https:\/\/jfb-stiftung.de\/st-paulus-stift-herxheim\/wp-json\/wp\/v2\/tags?post=7142"}],"curies":[{"name":"wp","href":"https:\/\/api.w.org\/{rel}","templated":true}]}}