{"id":7010,"date":"2024-03-07T11:47:05","date_gmt":"2024-03-07T10:47:05","guid":{"rendered":"https:\/\/jfb-stiftung.de\/st-paulus-stift-herxheim\/neubuergerbegruessung-in-edenkoben\/"},"modified":"2024-03-07T11:47:05","modified_gmt":"2024-03-07T10:47:05","slug":"neubuergerbegruessung-in-edenkoben","status":"publish","type":"post","link":"https:\/\/jfb-stiftung.de\/st-paulus-stift-herxheim\/neubuergerbegruessung-in-edenkoben\/","title":{"rendered":"Neub\u00fcrgerbegr\u00fc\u00dfung in Edenkoben"},"content":{"rendered":"<p>Sarah und Ilona freuten sich sehr \u00fcber die Einladung des B\u00fcrgermeisters der Stadt Edenkoben zur offiziellen Neub\u00fcrgerbegr\u00fc\u00dfung im Kurpfalzsaal. Am Sonntag, den 3.3.2024 wurden sie vom Stadtoberhaupt Herr Ludwig Lintz feierlich begr\u00fc\u00dft und in der weinfrohen Stadt willkommen gehei\u00dfen. Dort erfuhren die beiden neuen Bewohnerinnen des Hauses Edenkoben allerhand \u00fcber die Angebote in der Stadt, wie zum Beispiel von Vereinen, Organisationen und auch allerhand \u00fcber sonstige \u00d6rtlichkeiten. Neben tollen Gespr\u00e4chen und ersten Kontakten, freuten sich die beiden besonders dar\u00fcber mit der Weinprinzessin Steffi I nett zu plauschen und ein sch\u00f6nes Foto zur Erinnerung zu schie\u00dfen. Getrau dem Motto &#8222;Heimat ist der Ort wo man sich zu Hause f\u00fchlt&#8220;, f\u00fchlen sich Sarah und Ilona auf jeden Fall in Edenkoben willkommen und auch im Haus Edenkoben f\u00fchlen sich beide schon wie Zuhause.<\/p>\n<p><img fetchpriority=\"high\" decoding=\"async\" class=\" wp-image-7011 alignnone\" src=\"https:\/\/jfb-stiftung.de\/st-paulus-stift-herxheim\/wp-content\/uploads\/sites\/3\/2024\/03\/Begruessung-Neubuerger-ED-3-750x1000.jpg\" alt=\"\" width=\"304\" height=\"406\"> <img decoding=\"async\" class=\" wp-image-7012 alignnone\" src=\"https:\/\/jfb-stiftung.de\/st-paulus-stift-herxheim\/wp-content\/uploads\/sites\/3\/2024\/03\/Begruessung-Neubuerger-ED-2-682x1000.jpg\" alt=\"\" width=\"277\" height=\"406\"><\/p>\n","protected":false},"excerpt":{"rendered":"<p>Sarah und Ilona freuten sich sehr \u00fcber die Einladung des B\u00fcrgermeisters der Stadt Edenkoben zur offiziellen Neub\u00fcrgerbegr\u00fc\u00dfung im Kurpfalzsaal. Am Sonntag, den 3.3.2024 wurden sie vom Stadtoberhaupt Herr Ludwig Lintz \u2026<\/p>\n","protected":false},"author":2,"featured_media":7013,"comment_status":"closed","ping_status":"closed","sticky":false,"template":"","format":"standard","meta":{"_acf_changed":false,"footnotes":""},"categories":[32],"tags":[],"class_list":["post-7010","post","type-post","status-publish","format-standard","has-post-thumbnail","hentry","category-st-paulus-stift-herxheim-news"],"acf":[],"publishpress_future_action":{"enabled":false,"date":"2026-05-04 01:33:37","action":"change-status","newStatus":"draft","terms":[],"taxonomy":"category","extraData":[]},"publishpress_future_workflow_manual_trigger":{"enabledWorkflows":[]},"_links":{"self":[{"href":"https:\/\/jfb-stiftung.de\/st-paulus-stift-herxheim\/wp-json\/wp\/v2\/posts\/7010","targetHints":{"allow":["GET"]}}],"collection":[{"href":"https:\/\/jfb-stiftung.de\/st-paulus-stift-herxheim\/wp-json\/wp\/v2\/posts"}],"about":[{"href":"https:\/\/jfb-stiftung.de\/st-paulus-stift-herxheim\/wp-json\/wp\/v2\/types\/post"}],"author":[{"embeddable":true,"href":"https:\/\/jfb-stiftung.de\/st-paulus-stift-herxheim\/wp-json\/wp\/v2\/users\/2"}],"replies":[{"embeddable":true,"href":"https:\/\/jfb-stiftung.de\/st-paulus-stift-herxheim\/wp-json\/wp\/v2\/comments?post=7010"}],"version-history":[{"count":0,"href":"https:\/\/jfb-stiftung.de\/st-paulus-stift-herxheim\/wp-json\/wp\/v2\/posts\/7010\/revisions"}],"wp:featuredmedia":[{"embeddable":true,"href":"https:\/\/jfb-stiftung.de\/st-paulus-stift-herxheim\/wp-json\/wp\/v2\/media\/7013"}],"wp:attachment":[{"href":"https:\/\/jfb-stiftung.de\/st-paulus-stift-herxheim\/wp-json\/wp\/v2\/media?parent=7010"}],"wp:term":[{"taxonomy":"category","embeddable":true,"href":"https:\/\/jfb-stiftung.de\/st-paulus-stift-herxheim\/wp-json\/wp\/v2\/categories?post=7010"},{"taxonomy":"post_tag","embeddable":true,"href":"https:\/\/jfb-stiftung.de\/st-paulus-stift-herxheim\/wp-json\/wp\/v2\/tags?post=7010"}],"curies":[{"name":"wp","href":"https:\/\/api.w.org\/{rel}","templated":true}]}}