{"id":6965,"date":"2024-04-01T08:20:23","date_gmt":"2024-04-01T06:20:23","guid":{"rendered":"https:\/\/jfb-stiftung.de\/st-paulus-stift-herxheim\/?p=6965"},"modified":"2024-04-01T08:20:23","modified_gmt":"2024-04-01T06:20:23","slug":"wir-sind-dabei-azubimesse-in-landau","status":"publish","type":"post","link":"https:\/\/jfb-stiftung.de\/st-paulus-stift-herxheim\/wir-sind-dabei-azubimesse-in-landau\/","title":{"rendered":"Wir sind dabei: Azubimesse in Landau"},"content":{"rendered":"<p>Unter dem Motto &#8222;Noch keine Idee f\u00fcr die Zukunft?&#8220; pr\u00e4sentieren sich \u00fcber 140 wechselnde Betriebe, Schulen, Universit\u00e4ten, Hochschulen und weitere Institutionen aus der Region mit ihren umfangreichen Ausbildungs- und Studienangeboten bei der diesj\u00e4hrigen Ausbildungs- und Hochschulmesse der Bundesagentur f\u00fcr Arbeit Landau.<br \/>\nWir sind am Samstag, den 13.April mit unserem nagelneuen Messestand mit dabei. Gerne erkl\u00e4rt unser lockeres Messeteam alles zum Ausbildungsberuf des\/der Heilerziehungspflegers*in. Sch\u00fclerinnen und Sch\u00fcler aller Schulformen k\u00f6nnen ungezwungen Kontakt zu Auszubildenden, Personalverantwortlichen und Studienberatern aufnehmen und ins Gespr\u00e4ch kommen.<br \/>\nDar\u00fcber hinaus bietet die Messe ein spannendes Aktionsprogramm mit professionellem Bewerbungsfotoshooting, Berufs- und Studienberatung,<strong> Bewerbungscheck<\/strong> und <strong>Vortr\u00e4gen<\/strong> zu Bewerbungsverfahren, <strong>\u00dcberbr\u00fcckungsm\u00f6glichkeiten und weitere spannende Themen<\/strong>.<br \/>\nAlle Infos zur Messe, den Ausstellern und zum Vortragsprogramm unter: <a href=\"http:\/\/www.ausbildungsmesse-landau.de\" rel=\"nofollow noopener\" target=\"_blank\">www.ausbildungsmesse-landau.de<\/a><\/p>\n<p>Wir freuen uns \u00fcber euren Besuch und glaubt uns, ihr werdet 100% etwas erfahren, was euch \u00fcberrascht.<\/p>\n<p><img fetchpriority=\"high\" decoding=\"async\" class=\"aligncenter  wp-image-6954\" src=\"https:\/\/jfb-stiftung.de\/st-paulus-stift-herxheim\/wp-content\/uploads\/sites\/3\/2024\/03\/Messe_Samstag-1000x539.jpg\" alt=\"\" width=\"809\" height=\"436\" srcset=\"https:\/\/jfb-stiftung.de\/st-paulus-stift-herxheim\/wp-content\/uploads\/sites\/3\/2024\/03\/Messe_Samstag-1000x539.jpg 1000w, https:\/\/jfb-stiftung.de\/st-paulus-stift-herxheim\/wp-content\/uploads\/sites\/3\/2024\/03\/Messe_Samstag-1500x809.jpg 1500w, https:\/\/jfb-stiftung.de\/st-paulus-stift-herxheim\/wp-content\/uploads\/sites\/3\/2024\/03\/Messe_Samstag-768x414.jpg 768w, https:\/\/jfb-stiftung.de\/st-paulus-stift-herxheim\/wp-content\/uploads\/sites\/3\/2024\/03\/Messe_Samstag-1536x828.jpg 1536w, https:\/\/jfb-stiftung.de\/st-paulus-stift-herxheim\/wp-content\/uploads\/sites\/3\/2024\/03\/Messe_Samstag.jpg 1600w\" sizes=\"(max-width: 809px) 100vw, 809px\" \/><\/p>\n","protected":false},"excerpt":{"rendered":"<p>Unter dem Motto &#8222;Noch keine Idee f\u00fcr die Zukunft?&#8220; pr\u00e4sentieren sich \u00fcber 140 wechselnde Betriebe, Schulen, Universit\u00e4ten, Hochschulen und weitere Institutionen aus der Region mit ihren umfangreichen Ausbildungs- und Studienangeboten \u2026<\/p>\n","protected":false},"author":2,"featured_media":6954,"comment_status":"closed","ping_status":"closed","sticky":false,"template":"","format":"standard","meta":{"_acf_changed":false,"footnotes":""},"categories":[32],"tags":[],"class_list":["post-6965","post","type-post","status-publish","format-standard","has-post-thumbnail","hentry","category-st-paulus-stift-herxheim-news"],"acf":[],"publishpress_future_action":{"enabled":false,"date":"2026-05-04 03:02:28","action":"change-status","newStatus":"draft","terms":[],"taxonomy":"category","extraData":[]},"publishpress_future_workflow_manual_trigger":{"enabledWorkflows":[]},"_links":{"self":[{"href":"https:\/\/jfb-stiftung.de\/st-paulus-stift-herxheim\/wp-json\/wp\/v2\/posts\/6965","targetHints":{"allow":["GET"]}}],"collection":[{"href":"https:\/\/jfb-stiftung.de\/st-paulus-stift-herxheim\/wp-json\/wp\/v2\/posts"}],"about":[{"href":"https:\/\/jfb-stiftung.de\/st-paulus-stift-herxheim\/wp-json\/wp\/v2\/types\/post"}],"author":[{"embeddable":true,"href":"https:\/\/jfb-stiftung.de\/st-paulus-stift-herxheim\/wp-json\/wp\/v2\/users\/2"}],"replies":[{"embeddable":true,"href":"https:\/\/jfb-stiftung.de\/st-paulus-stift-herxheim\/wp-json\/wp\/v2\/comments?post=6965"}],"version-history":[{"count":0,"href":"https:\/\/jfb-stiftung.de\/st-paulus-stift-herxheim\/wp-json\/wp\/v2\/posts\/6965\/revisions"}],"wp:featuredmedia":[{"embeddable":true,"href":"https:\/\/jfb-stiftung.de\/st-paulus-stift-herxheim\/wp-json\/wp\/v2\/media\/6954"}],"wp:attachment":[{"href":"https:\/\/jfb-stiftung.de\/st-paulus-stift-herxheim\/wp-json\/wp\/v2\/media?parent=6965"}],"wp:term":[{"taxonomy":"category","embeddable":true,"href":"https:\/\/jfb-stiftung.de\/st-paulus-stift-herxheim\/wp-json\/wp\/v2\/categories?post=6965"},{"taxonomy":"post_tag","embeddable":true,"href":"https:\/\/jfb-stiftung.de\/st-paulus-stift-herxheim\/wp-json\/wp\/v2\/tags?post=6965"}],"curies":[{"name":"wp","href":"https:\/\/api.w.org\/{rel}","templated":true}]}}