{"id":6573,"date":"2023-12-14T09:13:10","date_gmt":"2023-12-14T08:13:10","guid":{"rendered":"https:\/\/jfb-stiftung.de\/st-paulus-stift-herxheim\/viele-aktionen-am-ersten-adventswochenende-8901-2\/"},"modified":"2023-12-14T09:13:10","modified_gmt":"2023-12-14T08:13:10","slug":"viele-aktionen-am-ersten-adventswochenende-8901-2","status":"publish","type":"post","link":"https:\/\/jfb-stiftung.de\/st-paulus-stift-herxheim\/viele-aktionen-am-ersten-adventswochenende-8901-2\/","title":{"rendered":"Viele Aktionen am ersten Adventswochenende"},"content":{"rendered":"<p>Den Anfang machte am Freitagabend das beliebte \u201aSingen f\u00fcr jede Frau und Jedermann\u2018 in der Herxheimer Festhalle. Vierzehn &#8222;St. Paulus Stiftler&#8220; waren dabei &#8211; unter den insgesamt 160 Teilnehmer*innen also jede\/r 12. Es wurde nach Herzenslust gesungen und f\u00fcr das leibliche Wohl war auch bestens gesorgt. Zu merken war, dass vor allem unsere \u00e4lteren Damen sowohl die Volkslieder, als auch die Pf\u00e4lzer Lieder und nat\u00fcrlich die Weihnachtslieder mit Begeisterung auswendig singen konnten.<\/p>\n<p>Am Samstag bot der Arbeitskreis Religionsp\u00e4dagogik wieder seine allj\u00e4hrliche und allseits beliebte Weihnachts-Bastel-Aktion an. In der gut besuchten Aula bastelten f\u00fcnf Mitarbeiter*innen und Pfarrer Steffen Roth mit etwa 40-45 Bewohner*innen wundersch\u00f6ne Weihnachts-Deko-Artikel. Es war eine sehr sch\u00f6ne Stimmung in der Aula und die K\u00fcnstlerinnen und K\u00fcnstler pr\u00e4sentierten stolz ihre Kunstwerke, bevor es in gem\u00fctlicher Runde Punsch und Kekse gab.<\/p>\n<p>Parallel zur Bastelaktion fand in den R\u00e4umen der neuen Tagesf\u00f6rderst\u00e4tte eine Backaktion statt. Eine Mitarbeiterin aus dem Nachtdienst buk mit sechs Bewohner*innen Kuchen f\u00fcrs Sonntagscaf\u00e9. Das Ergebnis der flei\u00dfigen B\u00e4cker*innen konnte sich sehen lassen: 2 Kokos-Butterkuchen, 1 Fanta-Kuchen, 1 Gew\u00fcrzkuchen und sch\u00f6n verzierte Weihnachtsamerikaner entstanden. Das Back-Team hatte viel Spa\u00df und jede\/r der sechs B\u00e4cker\/innen bekam f\u00fcr ihren Einsatz am n\u00e4chsten Tag beim Sonntagscaf\u00e9 je 1 St\u00fcck Kuchen und 1 Getr\u00e4nk gratis.<\/p>\n<p>&nbsp;<\/p>\n<p><img fetchpriority=\"high\" decoding=\"async\" class=\"aligncenter  wp-image-6574\" src=\"https:\/\/jfb-stiftung.de\/st-paulus-stift-herxheim\/wp-content\/uploads\/sites\/3\/2023\/12\/Collage-Adventswochenende_lowres-1000x434.png\" alt=\"\" width=\"627\" height=\"272\" srcset=\"https:\/\/jfb-stiftung.de\/st-paulus-stift-herxheim\/wp-content\/uploads\/sites\/3\/2023\/12\/Collage-Adventswochenende_lowres-1000x434.png 1000w, https:\/\/jfb-stiftung.de\/st-paulus-stift-herxheim\/wp-content\/uploads\/sites\/3\/2023\/12\/Collage-Adventswochenende_lowres-768x333.png 768w, https:\/\/jfb-stiftung.de\/st-paulus-stift-herxheim\/wp-content\/uploads\/sites\/3\/2023\/12\/Collage-Adventswochenende_lowres.png 1500w\" sizes=\"(max-width: 627px) 100vw, 627px\" \/><\/p>\n","protected":false},"excerpt":{"rendered":"<p>Den Anfang machte am Freitagabend das beliebte \u201aSingen f\u00fcr jede Frau und Jedermann\u2018 in der Herxheimer Festhalle. Vierzehn &#8222;St. Paulus Stiftler&#8220; waren dabei &#8211; unter den insgesamt 160 Teilnehmer*innen also \u2026<\/p>\n","protected":false},"author":2,"featured_media":6574,"comment_status":"closed","ping_status":"closed","sticky":false,"template":"","format":"standard","meta":{"_acf_changed":false,"footnotes":""},"categories":[32],"tags":[],"class_list":["post-6573","post","type-post","status-publish","format-standard","has-post-thumbnail","hentry","category-st-paulus-stift-herxheim-news"],"acf":[],"publishpress_future_action":{"enabled":false,"date":"2026-05-04 03:03:21","action":"change-status","newStatus":"draft","terms":[],"taxonomy":"category","extraData":[]},"publishpress_future_workflow_manual_trigger":{"enabledWorkflows":[]},"_links":{"self":[{"href":"https:\/\/jfb-stiftung.de\/st-paulus-stift-herxheim\/wp-json\/wp\/v2\/posts\/6573","targetHints":{"allow":["GET"]}}],"collection":[{"href":"https:\/\/jfb-stiftung.de\/st-paulus-stift-herxheim\/wp-json\/wp\/v2\/posts"}],"about":[{"href":"https:\/\/jfb-stiftung.de\/st-paulus-stift-herxheim\/wp-json\/wp\/v2\/types\/post"}],"author":[{"embeddable":true,"href":"https:\/\/jfb-stiftung.de\/st-paulus-stift-herxheim\/wp-json\/wp\/v2\/users\/2"}],"replies":[{"embeddable":true,"href":"https:\/\/jfb-stiftung.de\/st-paulus-stift-herxheim\/wp-json\/wp\/v2\/comments?post=6573"}],"version-history":[{"count":0,"href":"https:\/\/jfb-stiftung.de\/st-paulus-stift-herxheim\/wp-json\/wp\/v2\/posts\/6573\/revisions"}],"wp:featuredmedia":[{"embeddable":true,"href":"https:\/\/jfb-stiftung.de\/st-paulus-stift-herxheim\/wp-json\/wp\/v2\/media\/6574"}],"wp:attachment":[{"href":"https:\/\/jfb-stiftung.de\/st-paulus-stift-herxheim\/wp-json\/wp\/v2\/media?parent=6573"}],"wp:term":[{"taxonomy":"category","embeddable":true,"href":"https:\/\/jfb-stiftung.de\/st-paulus-stift-herxheim\/wp-json\/wp\/v2\/categories?post=6573"},{"taxonomy":"post_tag","embeddable":true,"href":"https:\/\/jfb-stiftung.de\/st-paulus-stift-herxheim\/wp-json\/wp\/v2\/tags?post=6573"}],"curies":[{"name":"wp","href":"https:\/\/api.w.org\/{rel}","templated":true}]}}