{"id":6559,"date":"2023-12-11T08:29:22","date_gmt":"2023-12-11T07:29:22","guid":{"rendered":"https:\/\/jfb-stiftung.de\/st-paulus-stift-herxheim\/leuchtende-augen-beim-nikolaus\/"},"modified":"2023-12-11T08:34:55","modified_gmt":"2023-12-11T07:34:55","slug":"leuchtende-augen-beim-nikolaus","status":"publish","type":"post","link":"https:\/\/jfb-stiftung.de\/st-paulus-stift-herxheim\/leuchtende-augen-beim-nikolaus\/","title":{"rendered":"Leuchtende Augen beim Nikolaus"},"content":{"rendered":"<p>Die Vorfreude auf den Nikolaus war riesig, die Tage wurden gez\u00e4hlt bis der 6.12. endlich auf dem Kalender stand und dann war es soweit: Der Nikolaus (Pfarrer Steffen Roth) und seine musikalischen Begleiterinnen in Form eines Engels und eines Rentiers (Mitarbeiter*innen der Musiktherapie) klopften von T\u00fcr zu T\u00fcr auf den Wohngruppen im Haus und hatten allerlei \u00dcberraschungen im Gep\u00e4ck. Gemeinsam wurden Weihnachtslieder gesungen und im Anschluss daran Schokoladen-Nikol\u00e4use verteilt. Leuchtende Augen und gute Stimmung waren vorprogrammiert. Nach deren Besuch in den WG&#8217;s im St. Paulus Stift machten sich alle noch auf, um bei den Ordensschwestern im Mutterhaus und auch in der Au\u00dfenwohngruppe in der Offenbacher Stra\u00dfe vorbeizuschauen &#8211; auch dort freuten sich alle \u00fcber das Erscheinen des Nikolauses und seiner himmlischen Begleiterinnen.<\/p>\n<p><img fetchpriority=\"high\" decoding=\"async\" class=\" wp-image-6560 aligncenter\" src=\"https:\/\/jfb-stiftung.de\/st-paulus-stift-herxheim\/wp-content\/uploads\/sites\/3\/2023\/12\/Nikolausbesuch_2023-1-1000x563.jpg\" alt=\"\" width=\"536\" height=\"302\"><\/p>\n","protected":false},"excerpt":{"rendered":"<p>Die Vorfreude auf den Nikolaus war riesig, die Tage wurden gez\u00e4hlt bis der 6.12. endlich auf dem Kalender stand und dann war es soweit: Der Nikolaus (Pfarrer Steffen Roth) und \u2026<\/p>\n","protected":false},"author":2,"featured_media":6561,"comment_status":"closed","ping_status":"closed","sticky":false,"template":"","format":"standard","meta":{"_acf_changed":false,"footnotes":""},"categories":[32],"tags":[],"class_list":["post-6559","post","type-post","status-publish","format-standard","has-post-thumbnail","hentry","category-st-paulus-stift-herxheim-news"],"acf":[],"publishpress_future_action":{"enabled":false,"date":"2026-05-04 01:34:36","action":"change-status","newStatus":"draft","terms":[],"taxonomy":"category","extraData":[]},"publishpress_future_workflow_manual_trigger":{"enabledWorkflows":[]},"_links":{"self":[{"href":"https:\/\/jfb-stiftung.de\/st-paulus-stift-herxheim\/wp-json\/wp\/v2\/posts\/6559","targetHints":{"allow":["GET"]}}],"collection":[{"href":"https:\/\/jfb-stiftung.de\/st-paulus-stift-herxheim\/wp-json\/wp\/v2\/posts"}],"about":[{"href":"https:\/\/jfb-stiftung.de\/st-paulus-stift-herxheim\/wp-json\/wp\/v2\/types\/post"}],"author":[{"embeddable":true,"href":"https:\/\/jfb-stiftung.de\/st-paulus-stift-herxheim\/wp-json\/wp\/v2\/users\/2"}],"replies":[{"embeddable":true,"href":"https:\/\/jfb-stiftung.de\/st-paulus-stift-herxheim\/wp-json\/wp\/v2\/comments?post=6559"}],"version-history":[{"count":0,"href":"https:\/\/jfb-stiftung.de\/st-paulus-stift-herxheim\/wp-json\/wp\/v2\/posts\/6559\/revisions"}],"wp:featuredmedia":[{"embeddable":true,"href":"https:\/\/jfb-stiftung.de\/st-paulus-stift-herxheim\/wp-json\/wp\/v2\/media\/6561"}],"wp:attachment":[{"href":"https:\/\/jfb-stiftung.de\/st-paulus-stift-herxheim\/wp-json\/wp\/v2\/media?parent=6559"}],"wp:term":[{"taxonomy":"category","embeddable":true,"href":"https:\/\/jfb-stiftung.de\/st-paulus-stift-herxheim\/wp-json\/wp\/v2\/categories?post=6559"},{"taxonomy":"post_tag","embeddable":true,"href":"https:\/\/jfb-stiftung.de\/st-paulus-stift-herxheim\/wp-json\/wp\/v2\/tags?post=6559"}],"curies":[{"name":"wp","href":"https:\/\/api.w.org\/{rel}","templated":true}]}}