{"id":6523,"date":"2023-12-06T08:53:20","date_gmt":"2023-12-06T07:53:20","guid":{"rendered":"https:\/\/jfb-stiftung.de\/st-paulus-stift-herxheim\/gute-stimmung-beim-nikolauskonzert\/"},"modified":"2023-12-06T08:53:20","modified_gmt":"2023-12-06T07:53:20","slug":"gute-stimmung-beim-nikolauskonzert","status":"publish","type":"post","link":"https:\/\/jfb-stiftung.de\/st-paulus-stift-herxheim\/gute-stimmung-beim-nikolauskonzert\/","title":{"rendered":"Gute Stimmung beim Nikolauskonzert"},"content":{"rendered":"<p>Der Einladung der hauseigenen Musiktherapie kamen gerne viele Bewohner*innen und Mitarbeiter*innen nach, denn jeder wei\u00df: Die Stimmung ist immer super gut bei den hauseigenen Konzerten und jeder darf das tun, was er mag &#8211; nur lauschen, mitklatschen, mitsingen oder kurz mal tanzen. Organisiert hat das Nikolauskonzert am 4.12. die Musikgruppe des St. Paulus Stifts \u00a0&#8222;Bella Musica&#8220;, die sich ein buntes Programm mit vielen unterschiedlichen Instrumenten (Trommeln, E-Gitarre, Akkordeon und Orff-Instrumenten) ausgedacht hat. Gespielt wurden\u00a0sowohl bekannte Weihnachtslieder zum Mitsingen (Von &#8222;Lasst uns froh und munter sein&#8220; bis &#8222;Alle Jahre wieder&#8220;\u2026) als auch Weihnachts-Hits wie z.B. &#8222;Feliz Navidad&#8220; oder &#8222;Mary&#8217;s Boychild&#8220;. Als \u201eSpecial-Guest\u201c spielte eine Bewohnerin der Au\u00dfenwohngruppe ein Lied am Keyboard mit. Ein sch\u00f6nes Konzert, dass bei allen f\u00fcr weihnachtliche Vorfreude sorgte. Besten Dank an das Team der Musiktherapie f\u00fcr dieses sch\u00f6ne Konzert.<br \/>\n<img fetchpriority=\"high\" decoding=\"async\" class=\" wp-image-6524 alignnone\" src=\"https:\/\/jfb-stiftung.de\/st-paulus-stift-herxheim\/wp-content\/uploads\/sites\/3\/2023\/12\/Nikolaussingen-SPSHX-1-1000x563.jpg\" alt=\"\" width=\"425\" height=\"239\"> <img decoding=\"async\" class=\" wp-image-6525 alignnone\" src=\"https:\/\/jfb-stiftung.de\/st-paulus-stift-herxheim\/wp-content\/uploads\/sites\/3\/2023\/12\/Nikolaussingen-SPSHX-3-1000x563.jpg\" alt=\"\" width=\"426\" height=\"240\"><\/p>\n","protected":false},"excerpt":{"rendered":"<p>Der Einladung der hauseigenen Musiktherapie kamen gerne viele Bewohner*innen und Mitarbeiter*innen nach, denn jeder wei\u00df: Die Stimmung ist immer super gut bei den hauseigenen Konzerten und jeder darf das tun, \u2026<\/p>\n","protected":false},"author":2,"featured_media":6526,"comment_status":"closed","ping_status":"closed","sticky":false,"template":"","format":"standard","meta":{"_acf_changed":false,"footnotes":""},"categories":[32],"tags":[],"class_list":["post-6523","post","type-post","status-publish","format-standard","has-post-thumbnail","hentry","category-st-paulus-stift-herxheim-news"],"acf":[],"publishpress_future_action":{"enabled":false,"date":"2026-05-04 01:34:37","action":"change-status","newStatus":"draft","terms":[],"taxonomy":"category","extraData":[]},"publishpress_future_workflow_manual_trigger":{"enabledWorkflows":[]},"_links":{"self":[{"href":"https:\/\/jfb-stiftung.de\/st-paulus-stift-herxheim\/wp-json\/wp\/v2\/posts\/6523","targetHints":{"allow":["GET"]}}],"collection":[{"href":"https:\/\/jfb-stiftung.de\/st-paulus-stift-herxheim\/wp-json\/wp\/v2\/posts"}],"about":[{"href":"https:\/\/jfb-stiftung.de\/st-paulus-stift-herxheim\/wp-json\/wp\/v2\/types\/post"}],"author":[{"embeddable":true,"href":"https:\/\/jfb-stiftung.de\/st-paulus-stift-herxheim\/wp-json\/wp\/v2\/users\/2"}],"replies":[{"embeddable":true,"href":"https:\/\/jfb-stiftung.de\/st-paulus-stift-herxheim\/wp-json\/wp\/v2\/comments?post=6523"}],"version-history":[{"count":0,"href":"https:\/\/jfb-stiftung.de\/st-paulus-stift-herxheim\/wp-json\/wp\/v2\/posts\/6523\/revisions"}],"wp:featuredmedia":[{"embeddable":true,"href":"https:\/\/jfb-stiftung.de\/st-paulus-stift-herxheim\/wp-json\/wp\/v2\/media\/6526"}],"wp:attachment":[{"href":"https:\/\/jfb-stiftung.de\/st-paulus-stift-herxheim\/wp-json\/wp\/v2\/media?parent=6523"}],"wp:term":[{"taxonomy":"category","embeddable":true,"href":"https:\/\/jfb-stiftung.de\/st-paulus-stift-herxheim\/wp-json\/wp\/v2\/categories?post=6523"},{"taxonomy":"post_tag","embeddable":true,"href":"https:\/\/jfb-stiftung.de\/st-paulus-stift-herxheim\/wp-json\/wp\/v2\/tags?post=6523"}],"curies":[{"name":"wp","href":"https:\/\/api.w.org\/{rel}","templated":true}]}}