{"id":6513,"date":"2023-12-01T08:48:59","date_gmt":"2023-12-01T07:48:59","guid":{"rendered":"https:\/\/jfb-stiftung.de\/st-paulus-stift-herxheim\/innenhof-wird-weihnachtlich-dekoriert\/"},"modified":"2023-12-05T09:23:30","modified_gmt":"2023-12-05T08:23:30","slug":"innenhof-wird-weihnachtlich-dekoriert","status":"publish","type":"post","link":"https:\/\/jfb-stiftung.de\/st-paulus-stift-herxheim\/innenhof-wird-weihnachtlich-dekoriert\/","title":{"rendered":"Innenhof wird weihnachtlich dekoriert"},"content":{"rendered":"<p>Und die Deko ist nat\u00fcrlich nicht gekauft, sondern wurde mal wieder von vielen flei\u00dfigen H\u00e4nden unserer Seniorengruppe liebevoll selbst gestaltet. Sehr viel M\u00fche gaben sich die Besucher*innen der Tagesf\u00f6rderst\u00e4tte 9\/Seniorengruppe zusammen mit den Mitarbeiter*innen, um wieder etwas originelles zu basteln, wor\u00fcber sich dann auch alle anderen im St. Paulus Stift freuen k\u00f6nnen. Gebastelt wurde wieder mit recyceltem Material: Herzlichen Dank an das K\u00fcchenteam, dass hier netterweise Dosen f\u00fcr die Seniorengruppe gesammelt hat. Angemalt wurden die Dosen von einem ehrenamtlichen Mitarbeiter &#8211; nat\u00fcrlich auch vielen Dank an Herrn L. Die sch\u00f6nen Gesichter haben dann Mitarbeiter*innen und Besucher*innen im Teamwork gestaltet und als besonderes i-T\u00fcpfelchen hat eine Besucherin der Seniorengruppe die h\u00fcbschen roten Schals selbst gestrickt.<br \/>\nGute Laune ist vorprogrammiert, wenn man die reizenden Schneem\u00e4nner auf ihren Schlitten im Innenhof bestaunt. Das Ziel mit der Deko f\u00fcr weihnachtliche Stimmung zu sorgen ist bestens gelungen &#8211; herzlichen Dank daf\u00fcr. Nur eine Kleinigkeit fehlt noch: ein bisschen Schnee.<\/p>\n","protected":false},"excerpt":{"rendered":"<p>Und die Deko ist nat\u00fcrlich nicht gekauft, sondern wurde mal wieder von vielen flei\u00dfigen H\u00e4nden unserer Seniorengruppe liebevoll selbst gestaltet. Sehr viel M\u00fche gaben sich die Besucher*innen der Tagesf\u00f6rderst\u00e4tte 9\/Seniorengruppe \u2026<\/p>\n","protected":false},"author":2,"featured_media":6514,"comment_status":"closed","ping_status":"closed","sticky":false,"template":"","format":"standard","meta":{"_acf_changed":false,"footnotes":""},"categories":[32],"tags":[],"class_list":["post-6513","post","type-post","status-publish","format-standard","has-post-thumbnail","hentry","category-st-paulus-stift-herxheim-news"],"acf":[],"publishpress_future_action":{"enabled":false,"date":"2026-05-04 01:43:54","action":"change-status","newStatus":"draft","terms":[],"taxonomy":"category","extraData":[]},"publishpress_future_workflow_manual_trigger":{"enabledWorkflows":[]},"_links":{"self":[{"href":"https:\/\/jfb-stiftung.de\/st-paulus-stift-herxheim\/wp-json\/wp\/v2\/posts\/6513","targetHints":{"allow":["GET"]}}],"collection":[{"href":"https:\/\/jfb-stiftung.de\/st-paulus-stift-herxheim\/wp-json\/wp\/v2\/posts"}],"about":[{"href":"https:\/\/jfb-stiftung.de\/st-paulus-stift-herxheim\/wp-json\/wp\/v2\/types\/post"}],"author":[{"embeddable":true,"href":"https:\/\/jfb-stiftung.de\/st-paulus-stift-herxheim\/wp-json\/wp\/v2\/users\/2"}],"replies":[{"embeddable":true,"href":"https:\/\/jfb-stiftung.de\/st-paulus-stift-herxheim\/wp-json\/wp\/v2\/comments?post=6513"}],"version-history":[{"count":0,"href":"https:\/\/jfb-stiftung.de\/st-paulus-stift-herxheim\/wp-json\/wp\/v2\/posts\/6513\/revisions"}],"wp:featuredmedia":[{"embeddable":true,"href":"https:\/\/jfb-stiftung.de\/st-paulus-stift-herxheim\/wp-json\/wp\/v2\/media\/6514"}],"wp:attachment":[{"href":"https:\/\/jfb-stiftung.de\/st-paulus-stift-herxheim\/wp-json\/wp\/v2\/media?parent=6513"}],"wp:term":[{"taxonomy":"category","embeddable":true,"href":"https:\/\/jfb-stiftung.de\/st-paulus-stift-herxheim\/wp-json\/wp\/v2\/categories?post=6513"},{"taxonomy":"post_tag","embeddable":true,"href":"https:\/\/jfb-stiftung.de\/st-paulus-stift-herxheim\/wp-json\/wp\/v2\/tags?post=6513"}],"curies":[{"name":"wp","href":"https:\/\/api.w.org\/{rel}","templated":true}]}}