{"id":6471,"date":"2023-11-20T12:54:11","date_gmt":"2023-11-20T11:54:11","guid":{"rendered":"https:\/\/jfb-stiftung.de\/st-paulus-stift-herxheim\/gemeinsam-st-martin-feiern\/"},"modified":"2023-11-20T12:56:12","modified_gmt":"2023-11-20T11:56:12","slug":"gemeinsam-st-martin-feiern","status":"publish","type":"post","link":"https:\/\/jfb-stiftung.de\/st-paulus-stift-herxheim\/gemeinsam-st-martin-feiern\/","title":{"rendered":"Gemeinsam St. Martin feiern"},"content":{"rendered":"<p>Der Arbeitskreis Religionsp\u00e4dagogik des St. Paulus Stifts Herxheim organisierte am Montag, den 13.11.2023 eine sch\u00f6ne St. Martinsfeier mit allem was dazu geh\u00f6rt. Unter Beteiligung der Bewohner*innen wurde die ber\u00fchmte Geschichte von St. Martin in der Aula nachgespielt. Daneben gab es leckeren Punsch, es wurde gemeinsam gesungen und dankenswerterweise hielt Pfarrer Steffen Roth einen lebhaften Gottesdienst. Alle Mitarbeiter*innen und Bewohner*innen hatten viel Spa\u00df. Herzlichen Dank an die Mitarbeiter*innen des Arbeitskreises Religionsp\u00e4dagogik f\u00fcr diese sch\u00f6ne Feier.<\/p>\n<p><img fetchpriority=\"high\" decoding=\"async\" class=\" wp-image-6472 alignnone\" src=\"https:\/\/jfb-stiftung.de\/st-paulus-stift-herxheim\/wp-content\/uploads\/sites\/3\/2023\/11\/St.-Martin-SPS-HX-1000x563.jpg\" alt=\"\" width=\"398\" height=\"224\"> <img decoding=\"async\" class=\" wp-image-6473 alignnone\" src=\"https:\/\/jfb-stiftung.de\/st-paulus-stift-herxheim\/wp-content\/uploads\/sites\/3\/2023\/11\/St.-Martin-Jan-2023-1000x563.jpg\" alt=\"\" width=\"395\" height=\"222\"> <img decoding=\"async\" class=\" wp-image-6474 alignnone\" src=\"https:\/\/jfb-stiftung.de\/st-paulus-stift-herxheim\/wp-content\/uploads\/sites\/3\/2023\/11\/St.-Martin-Aula-2023-1000x750.jpg\" alt=\"\" width=\"298\" height=\"223\" srcset=\"https:\/\/jfb-stiftung.de\/st-paulus-stift-herxheim\/wp-content\/uploads\/sites\/3\/2023\/11\/St.-Martin-Aula-2023-1000x750.jpg 1000w, https:\/\/jfb-stiftung.de\/st-paulus-stift-herxheim\/wp-content\/uploads\/sites\/3\/2023\/11\/St.-Martin-Aula-2023-1500x1125.jpg 1500w, https:\/\/jfb-stiftung.de\/st-paulus-stift-herxheim\/wp-content\/uploads\/sites\/3\/2023\/11\/St.-Martin-Aula-2023-768x576.jpg 768w, https:\/\/jfb-stiftung.de\/st-paulus-stift-herxheim\/wp-content\/uploads\/sites\/3\/2023\/11\/St.-Martin-Aula-2023-1536x1152.jpg 1536w, https:\/\/jfb-stiftung.de\/st-paulus-stift-herxheim\/wp-content\/uploads\/sites\/3\/2023\/11\/St.-Martin-Aula-2023.jpg 2000w\" sizes=\"(max-width: 298px) 100vw, 298px\" \/><\/p>\n","protected":false},"excerpt":{"rendered":"<p>Der Arbeitskreis Religionsp\u00e4dagogik des St. Paulus Stifts Herxheim organisierte am Montag, den 13.11.2023 eine sch\u00f6ne St. Martinsfeier mit allem was dazu geh\u00f6rt. Unter Beteiligung der Bewohner*innen wurde die ber\u00fchmte Geschichte \u2026<\/p>\n","protected":false},"author":2,"featured_media":6475,"comment_status":"closed","ping_status":"closed","sticky":false,"template":"","format":"standard","meta":{"_acf_changed":false,"footnotes":""},"categories":[32],"tags":[],"class_list":["post-6471","post","type-post","status-publish","format-standard","has-post-thumbnail","hentry","category-st-paulus-stift-herxheim-news"],"acf":[],"publishpress_future_action":{"enabled":false,"date":"2026-05-04 01:33:39","action":"change-status","newStatus":"draft","terms":[],"taxonomy":"category","extraData":[]},"publishpress_future_workflow_manual_trigger":{"enabledWorkflows":[]},"_links":{"self":[{"href":"https:\/\/jfb-stiftung.de\/st-paulus-stift-herxheim\/wp-json\/wp\/v2\/posts\/6471","targetHints":{"allow":["GET"]}}],"collection":[{"href":"https:\/\/jfb-stiftung.de\/st-paulus-stift-herxheim\/wp-json\/wp\/v2\/posts"}],"about":[{"href":"https:\/\/jfb-stiftung.de\/st-paulus-stift-herxheim\/wp-json\/wp\/v2\/types\/post"}],"author":[{"embeddable":true,"href":"https:\/\/jfb-stiftung.de\/st-paulus-stift-herxheim\/wp-json\/wp\/v2\/users\/2"}],"replies":[{"embeddable":true,"href":"https:\/\/jfb-stiftung.de\/st-paulus-stift-herxheim\/wp-json\/wp\/v2\/comments?post=6471"}],"version-history":[{"count":0,"href":"https:\/\/jfb-stiftung.de\/st-paulus-stift-herxheim\/wp-json\/wp\/v2\/posts\/6471\/revisions"}],"wp:featuredmedia":[{"embeddable":true,"href":"https:\/\/jfb-stiftung.de\/st-paulus-stift-herxheim\/wp-json\/wp\/v2\/media\/6475"}],"wp:attachment":[{"href":"https:\/\/jfb-stiftung.de\/st-paulus-stift-herxheim\/wp-json\/wp\/v2\/media?parent=6471"}],"wp:term":[{"taxonomy":"category","embeddable":true,"href":"https:\/\/jfb-stiftung.de\/st-paulus-stift-herxheim\/wp-json\/wp\/v2\/categories?post=6471"},{"taxonomy":"post_tag","embeddable":true,"href":"https:\/\/jfb-stiftung.de\/st-paulus-stift-herxheim\/wp-json\/wp\/v2\/tags?post=6471"}],"curies":[{"name":"wp","href":"https:\/\/api.w.org\/{rel}","templated":true}]}}