{"id":6174,"date":"2023-09-07T12:29:35","date_gmt":"2023-09-07T10:29:35","guid":{"rendered":"https:\/\/jfb-stiftung.de\/st-paulus-stift-herxheim\/?p=6174"},"modified":"2023-09-11T11:10:02","modified_gmt":"2023-09-11T09:10:02","slug":"gemeinsames-singen-unter-freiem-himmel","status":"publish","type":"post","link":"https:\/\/jfb-stiftung.de\/st-paulus-stift-herxheim\/gemeinsames-singen-unter-freiem-himmel\/","title":{"rendered":"Gemeinsames Singen unter freiem Himmel"},"content":{"rendered":"<p>Gerne nahmen einige St. Paulusstiftler die Einladung &#8222;Singen f\u00fcr Jedermann&#8220; der Seniorenbeauftragten der\u00a0 Verbandsgemeinde Herxheim an. Bei strahlendem Sonnenschein und zugegeben etwas hei\u00dfen Temperaturen war der Spa\u00df beim &#8222;Freiluftsingen&#8220; im Haus der Begegnung dennoch gro\u00df. Die St. Paulus Stift-Gruppe sang fr\u00f6hlich und gut gelaunt Schlagerlieder und traditionelle Volkslieder. Besonders gut kamen hier auch die pf\u00e4lzer Mundartlieder von &#8222;Danny Baudy und seinen Musikfreunden&#8220; an, die alte Erinnerungen weckten. Zwei Stunden wurde am Freitag, den 18.08.2023\u00a0 gesungen, getanzt und gelacht. Abgerundet wurde der von vielen Ehrenamtlichen organisierte \u201eSingabend\u201c durch leckeres Essen und Trinken. Nach dem vielen Singen waren viele Teilnehmer*innen sehr froh, sich einen k\u00fchlen Drink zu g\u00f6nnen.<\/p>\n<p>&nbsp;<\/p>\n<p><img fetchpriority=\"high\" decoding=\"async\" class=\"aligncenter size-medium wp-image-6175\" src=\"https:\/\/jfb-stiftung.de\/st-paulus-stift-herxheim\/wp-content\/uploads\/sites\/3\/2023\/09\/Jedermann-Singen-2023-scaled-750x1000.jpg\" alt=\"\" width=\"750\" height=\"1000\" srcset=\"https:\/\/jfb-stiftung.de\/st-paulus-stift-herxheim\/wp-content\/uploads\/sites\/3\/2023\/09\/Jedermann-Singen-2023-scaled-750x1000.jpg 750w, https:\/\/jfb-stiftung.de\/st-paulus-stift-herxheim\/wp-content\/uploads\/sites\/3\/2023\/09\/Jedermann-Singen-2023-scaled-900x1200.jpg 900w, https:\/\/jfb-stiftung.de\/st-paulus-stift-herxheim\/wp-content\/uploads\/sites\/3\/2023\/09\/Jedermann-Singen-2023-scaled-768x1024.jpg 768w, https:\/\/jfb-stiftung.de\/st-paulus-stift-herxheim\/wp-content\/uploads\/sites\/3\/2023\/09\/Jedermann-Singen-2023-scaled-1152x1536.jpg 1152w, https:\/\/jfb-stiftung.de\/st-paulus-stift-herxheim\/wp-content\/uploads\/sites\/3\/2023\/09\/Jedermann-Singen-2023-scaled-1536x2048.jpg 1536w, https:\/\/jfb-stiftung.de\/st-paulus-stift-herxheim\/wp-content\/uploads\/sites\/3\/2023\/09\/Jedermann-Singen-2023-scaled.jpg 1920w\" sizes=\"(max-width: 750px) 100vw, 750px\" \/><\/p>\n","protected":false},"excerpt":{"rendered":"<p>Gerne nahmen einige St. Paulusstiftler die Einladung &#8222;Singen f\u00fcr Jedermann&#8220; der Seniorenbeauftragten der\u00a0 Verbandsgemeinde Herxheim an. Bei strahlendem Sonnenschein und zugegeben etwas hei\u00dfen Temperaturen war der Spa\u00df beim &#8222;Freiluftsingen&#8220; im \u2026<\/p>\n","protected":false},"author":2,"featured_media":6176,"comment_status":"closed","ping_status":"closed","sticky":false,"template":"","format":"standard","meta":{"_acf_changed":false,"footnotes":""},"categories":[32],"tags":[],"class_list":["post-6174","post","type-post","status-publish","format-standard","has-post-thumbnail","hentry","category-st-paulus-stift-herxheim-news"],"acf":[],"publishpress_future_action":{"enabled":false,"date":"2026-05-04 03:03:40","action":"change-status","newStatus":"draft","terms":[],"taxonomy":"category","extraData":[]},"publishpress_future_workflow_manual_trigger":{"enabledWorkflows":[]},"_links":{"self":[{"href":"https:\/\/jfb-stiftung.de\/st-paulus-stift-herxheim\/wp-json\/wp\/v2\/posts\/6174","targetHints":{"allow":["GET"]}}],"collection":[{"href":"https:\/\/jfb-stiftung.de\/st-paulus-stift-herxheim\/wp-json\/wp\/v2\/posts"}],"about":[{"href":"https:\/\/jfb-stiftung.de\/st-paulus-stift-herxheim\/wp-json\/wp\/v2\/types\/post"}],"author":[{"embeddable":true,"href":"https:\/\/jfb-stiftung.de\/st-paulus-stift-herxheim\/wp-json\/wp\/v2\/users\/2"}],"replies":[{"embeddable":true,"href":"https:\/\/jfb-stiftung.de\/st-paulus-stift-herxheim\/wp-json\/wp\/v2\/comments?post=6174"}],"version-history":[{"count":0,"href":"https:\/\/jfb-stiftung.de\/st-paulus-stift-herxheim\/wp-json\/wp\/v2\/posts\/6174\/revisions"}],"wp:featuredmedia":[{"embeddable":true,"href":"https:\/\/jfb-stiftung.de\/st-paulus-stift-herxheim\/wp-json\/wp\/v2\/media\/6176"}],"wp:attachment":[{"href":"https:\/\/jfb-stiftung.de\/st-paulus-stift-herxheim\/wp-json\/wp\/v2\/media?parent=6174"}],"wp:term":[{"taxonomy":"category","embeddable":true,"href":"https:\/\/jfb-stiftung.de\/st-paulus-stift-herxheim\/wp-json\/wp\/v2\/categories?post=6174"},{"taxonomy":"post_tag","embeddable":true,"href":"https:\/\/jfb-stiftung.de\/st-paulus-stift-herxheim\/wp-json\/wp\/v2\/tags?post=6174"}],"curies":[{"name":"wp","href":"https:\/\/api.w.org\/{rel}","templated":true}]}}