{"id":6149,"date":"2023-08-17T09:44:42","date_gmt":"2023-08-17T07:44:42","guid":{"rendered":"https:\/\/jfb-stiftung.de\/st-paulus-stift-herxheim\/besinnliche-wallfahrt-zur-annakapelle\/"},"modified":"2023-08-17T09:47:35","modified_gmt":"2023-08-17T07:47:35","slug":"besinnliche-wallfahrt-zur-annakapelle","status":"publish","type":"post","link":"https:\/\/jfb-stiftung.de\/st-paulus-stift-herxheim\/besinnliche-wallfahrt-zur-annakapelle\/","title":{"rendered":"Besinnliche Wallfahrt zur Annakapelle"},"content":{"rendered":"<p>\u201eEine der sch\u00f6nsten Wallfahrten, die wir je hatten&#8220;, so beschreibt Pfarrer Steffen Roth die am Dienstag, den 08.08.2023 stattgefundene Wallfahrt zur r\u00f6misch-katholische Wallfahrtskirche St.-Anna-Kapelle im Pf\u00e4lzerwald. Bei wunderbar angenehmen Temperaturen und Sonnenschein fand um 10.30h f\u00fcr die 34 Teilnehmer*innen des St. Paulus Stifts zun\u00e4chst ein Gottesdienst in der Kapelle statt. Inspiriert und ergriffen von der sch\u00f6nen Predigt genossen viele noch den wunderbaren Blick \u00fcber die Weinberge und die Landschaft der s\u00fcdlichen Weinstra\u00dfe, bevor es in ein sch\u00f6nes Landlokal zum gemeinsamen Mittagessen ging. Zur Freude der anderen G\u00e4ste stimmten alle noch in ein paar gemeinsame Lieder ein und so manch anderer Gast sang freudig mit der Wallfahrtsgruppe mit. Dieses wunderbare spirituelle Erlebnis stand im Vorfeld unter keinem guten Stern: Unter den offiziellen sechs Wallfahrtstagen dieses Jahr ist immer einer f\u00fcr Menschen mit Behinderung vorgesehen. Da sich das Organisationskomitee allerdings aktuell neu formiert und im Zuge der Neuformierung andere Themen bearbeitet werden mussten, wurde dieser nicht angeboten. Aus diesem Grund hat der Arbeitskreis Religionsp\u00e4dagogik diese Wallfahrt in eigener Regie auf die Beine gestellt und erhielt dabei tatkr\u00e4ftige Unterst\u00fctzung aus der Musiktherapie und von Pfarrer Steffen Roth. Ein gro\u00dfes Dankesch\u00f6n an alle Organisatoren, die diese besondere Wallfahrt f\u00fcr die Menschen im St. Paulus Stift m\u00f6glich gemacht haben.<\/p>\n<p><img fetchpriority=\"high\" decoding=\"async\" class=\"alignnone wp-image-6150\" src=\"https:\/\/jfb-stiftung.de\/st-paulus-stift-herxheim\/wp-content\/uploads\/sites\/3\/2023\/08\/Wallfahrt-Annakapelle-4-1000x750.jpg\" alt=\"\" width=\"400\" height=\"300\" srcset=\"https:\/\/jfb-stiftung.de\/st-paulus-stift-herxheim\/wp-content\/uploads\/sites\/3\/2023\/08\/Wallfahrt-Annakapelle-4-1000x750.jpg 1000w, https:\/\/jfb-stiftung.de\/st-paulus-stift-herxheim\/wp-content\/uploads\/sites\/3\/2023\/08\/Wallfahrt-Annakapelle-4-1500x1125.jpg 1500w, https:\/\/jfb-stiftung.de\/st-paulus-stift-herxheim\/wp-content\/uploads\/sites\/3\/2023\/08\/Wallfahrt-Annakapelle-4-768x576.jpg 768w, https:\/\/jfb-stiftung.de\/st-paulus-stift-herxheim\/wp-content\/uploads\/sites\/3\/2023\/08\/Wallfahrt-Annakapelle-4-1536x1152.jpg 1536w, https:\/\/jfb-stiftung.de\/st-paulus-stift-herxheim\/wp-content\/uploads\/sites\/3\/2023\/08\/Wallfahrt-Annakapelle-4.jpg 1600w\" sizes=\"(max-width: 400px) 100vw, 400px\" \/> <img decoding=\"async\" class=\"alignnone wp-image-6151\" src=\"https:\/\/jfb-stiftung.de\/st-paulus-stift-herxheim\/wp-content\/uploads\/sites\/3\/2023\/08\/Wallfahrt-Annakapelle-3-750x1000.jpg\" alt=\"\" width=\"225\" height=\"300\" srcset=\"https:\/\/jfb-stiftung.de\/st-paulus-stift-herxheim\/wp-content\/uploads\/sites\/3\/2023\/08\/Wallfahrt-Annakapelle-3-750x1000.jpg 750w, https:\/\/jfb-stiftung.de\/st-paulus-stift-herxheim\/wp-content\/uploads\/sites\/3\/2023\/08\/Wallfahrt-Annakapelle-3-900x1200.jpg 900w, https:\/\/jfb-stiftung.de\/st-paulus-stift-herxheim\/wp-content\/uploads\/sites\/3\/2023\/08\/Wallfahrt-Annakapelle-3-768x1024.jpg 768w, https:\/\/jfb-stiftung.de\/st-paulus-stift-herxheim\/wp-content\/uploads\/sites\/3\/2023\/08\/Wallfahrt-Annakapelle-3-1152x1536.jpg 1152w, https:\/\/jfb-stiftung.de\/st-paulus-stift-herxheim\/wp-content\/uploads\/sites\/3\/2023\/08\/Wallfahrt-Annakapelle-3.jpg 1200w\" sizes=\"(max-width: 225px) 100vw, 225px\" \/> <img decoding=\"async\" class=\"alignnone wp-image-6153\" src=\"https:\/\/jfb-stiftung.de\/st-paulus-stift-herxheim\/wp-content\/uploads\/sites\/3\/2023\/08\/Wallfahrt-Annakapelle-1-1000x750.jpg\" alt=\"\" width=\"400\" height=\"300\" srcset=\"https:\/\/jfb-stiftung.de\/st-paulus-stift-herxheim\/wp-content\/uploads\/sites\/3\/2023\/08\/Wallfahrt-Annakapelle-1-1000x750.jpg 1000w, https:\/\/jfb-stiftung.de\/st-paulus-stift-herxheim\/wp-content\/uploads\/sites\/3\/2023\/08\/Wallfahrt-Annakapelle-1-1500x1125.jpg 1500w, https:\/\/jfb-stiftung.de\/st-paulus-stift-herxheim\/wp-content\/uploads\/sites\/3\/2023\/08\/Wallfahrt-Annakapelle-1-768x576.jpg 768w, https:\/\/jfb-stiftung.de\/st-paulus-stift-herxheim\/wp-content\/uploads\/sites\/3\/2023\/08\/Wallfahrt-Annakapelle-1-1536x1152.jpg 1536w, https:\/\/jfb-stiftung.de\/st-paulus-stift-herxheim\/wp-content\/uploads\/sites\/3\/2023\/08\/Wallfahrt-Annakapelle-1.jpg 1600w\" sizes=\"(max-width: 400px) 100vw, 400px\" \/> <img loading=\"lazy\" decoding=\"async\" class=\"wp-image-6152 aligncenter\" src=\"https:\/\/jfb-stiftung.de\/st-paulus-stift-herxheim\/wp-content\/uploads\/sites\/3\/2023\/08\/Wallfahrt-Annakapelle-2-750x1000.jpg\" alt=\"\" width=\"400\" height=\"533\" srcset=\"https:\/\/jfb-stiftung.de\/st-paulus-stift-herxheim\/wp-content\/uploads\/sites\/3\/2023\/08\/Wallfahrt-Annakapelle-2-750x1000.jpg 750w, https:\/\/jfb-stiftung.de\/st-paulus-stift-herxheim\/wp-content\/uploads\/sites\/3\/2023\/08\/Wallfahrt-Annakapelle-2-900x1200.jpg 900w, https:\/\/jfb-stiftung.de\/st-paulus-stift-herxheim\/wp-content\/uploads\/sites\/3\/2023\/08\/Wallfahrt-Annakapelle-2-768x1024.jpg 768w, https:\/\/jfb-stiftung.de\/st-paulus-stift-herxheim\/wp-content\/uploads\/sites\/3\/2023\/08\/Wallfahrt-Annakapelle-2-1152x1536.jpg 1152w, https:\/\/jfb-stiftung.de\/st-paulus-stift-herxheim\/wp-content\/uploads\/sites\/3\/2023\/08\/Wallfahrt-Annakapelle-2.jpg 1200w\" sizes=\"(max-width: 400px) 100vw, 400px\" \/><\/p>\n","protected":false},"excerpt":{"rendered":"<p>\u201eEine der sch\u00f6nsten Wallfahrten, die wir je hatten&#8220;, so beschreibt Pfarrer Steffen Roth die am Dienstag, den 08.08.2023 stattgefundene Wallfahrt zur r\u00f6misch-katholische Wallfahrtskirche St.-Anna-Kapelle im Pf\u00e4lzerwald. Bei wunderbar angenehmen Temperaturen \u2026<\/p>\n","protected":false},"author":2,"featured_media":6154,"comment_status":"closed","ping_status":"closed","sticky":false,"template":"","format":"standard","meta":{"_acf_changed":false,"footnotes":""},"categories":[32],"tags":[],"class_list":["post-6149","post","type-post","status-publish","format-standard","has-post-thumbnail","hentry","category-st-paulus-stift-herxheim-news"],"acf":[],"publishpress_future_action":{"enabled":false,"date":"2026-05-04 01:34:43","action":"change-status","newStatus":"draft","terms":[],"taxonomy":"category","extraData":[]},"publishpress_future_workflow_manual_trigger":{"enabledWorkflows":[]},"_links":{"self":[{"href":"https:\/\/jfb-stiftung.de\/st-paulus-stift-herxheim\/wp-json\/wp\/v2\/posts\/6149","targetHints":{"allow":["GET"]}}],"collection":[{"href":"https:\/\/jfb-stiftung.de\/st-paulus-stift-herxheim\/wp-json\/wp\/v2\/posts"}],"about":[{"href":"https:\/\/jfb-stiftung.de\/st-paulus-stift-herxheim\/wp-json\/wp\/v2\/types\/post"}],"author":[{"embeddable":true,"href":"https:\/\/jfb-stiftung.de\/st-paulus-stift-herxheim\/wp-json\/wp\/v2\/users\/2"}],"replies":[{"embeddable":true,"href":"https:\/\/jfb-stiftung.de\/st-paulus-stift-herxheim\/wp-json\/wp\/v2\/comments?post=6149"}],"version-history":[{"count":0,"href":"https:\/\/jfb-stiftung.de\/st-paulus-stift-herxheim\/wp-json\/wp\/v2\/posts\/6149\/revisions"}],"wp:featuredmedia":[{"embeddable":true,"href":"https:\/\/jfb-stiftung.de\/st-paulus-stift-herxheim\/wp-json\/wp\/v2\/media\/6154"}],"wp:attachment":[{"href":"https:\/\/jfb-stiftung.de\/st-paulus-stift-herxheim\/wp-json\/wp\/v2\/media?parent=6149"}],"wp:term":[{"taxonomy":"category","embeddable":true,"href":"https:\/\/jfb-stiftung.de\/st-paulus-stift-herxheim\/wp-json\/wp\/v2\/categories?post=6149"},{"taxonomy":"post_tag","embeddable":true,"href":"https:\/\/jfb-stiftung.de\/st-paulus-stift-herxheim\/wp-json\/wp\/v2\/tags?post=6149"}],"curies":[{"name":"wp","href":"https:\/\/api.w.org\/{rel}","templated":true}]}}