{"id":6108,"date":"2023-08-14T10:26:25","date_gmt":"2023-08-14T08:26:25","guid":{"rendered":"https:\/\/jfb-stiftung.de\/st-paulus-stift-herxheim\/in-den-wipfeln-der-baeume\/"},"modified":"2023-08-14T10:30:38","modified_gmt":"2023-08-14T08:30:38","slug":"in-den-wipfeln-der-baeume","status":"publish","type":"post","link":"https:\/\/jfb-stiftung.de\/st-paulus-stift-herxheim\/in-den-wipfeln-der-baeume\/","title":{"rendered":"In den Wipfeln der B\u00e4ume"},"content":{"rendered":"<p>Bis auf 35 Meter hoch zur Aussichtplattform ging es f\u00fcr das motivierte Duo und den Erlebnisp\u00e4dagogen des St. Paulus Stift beim Ausflug &#8222;Baumwipfelpfad&#8220; in Fischbach am Sonntag, den 13.08.2023. Ein Abenteuer in luftiger H\u00f6he erwartete die gut gelaunte Truppe und alle wurden f\u00fcr ihren Mut und ihre Kletterk\u00fcnste mit einem atemberaubenden Blick \u00fcber den pf\u00e4lzer Wald belohnt. Auch im Biosph\u00e4renhaus, einem Haus rund um die Natur, waren alle von der dortigen Mitmach-Ausstellung begeistert. Zufrieden und stolz ging es dann wieder zur\u00fcck ins St. Paulus Stift und zur Freude aller ist der n\u00e4chste spannende Ausflug im Rahmen der Erlebnisp\u00e4dagogik schon geplant.<\/p>\n<p><img fetchpriority=\"high\" decoding=\"async\" class=\"alignnone wp-image-6112\" src=\"https:\/\/jfb-stiftung.de\/st-paulus-stift-herxheim\/wp-content\/uploads\/sites\/3\/2023\/08\/Baumwipfelpfad2023-2-1000x1000.jpg\" alt=\"\" width=\"250\" height=\"250\"> <img decoding=\"async\" class=\"alignnone wp-image-6111\" src=\"https:\/\/jfb-stiftung.de\/st-paulus-stift-herxheim\/wp-content\/uploads\/sites\/3\/2023\/08\/Baumwipfelpfad2023-3-1000x1000.jpg\" alt=\"\" width=\"250\" height=\"250\"> <img decoding=\"async\" class=\"alignnone wp-image-6110\" src=\"https:\/\/jfb-stiftung.de\/st-paulus-stift-herxheim\/wp-content\/uploads\/sites\/3\/2023\/08\/Baumwipfelpfad2023-4-1000x1000.jpg\" alt=\"\" width=\"250\" height=\"250\"> <img loading=\"lazy\" decoding=\"async\" class=\"alignnone wp-image-6109\" src=\"https:\/\/jfb-stiftung.de\/st-paulus-stift-herxheim\/wp-content\/uploads\/sites\/3\/2023\/08\/Baumwipfelpfad2023-5-1000x1000.jpg\" alt=\"\" width=\"250\" height=\"250\"><\/p>\n<p><img loading=\"lazy\" decoding=\"async\" class=\"aligncenter wp-image-6113\" src=\"https:\/\/jfb-stiftung.de\/st-paulus-stift-herxheim\/wp-content\/uploads\/sites\/3\/2023\/08\/Wald-von-oben-EP-1000x750.jpg\" alt=\"\" width=\"572\" height=\"429\" srcset=\"https:\/\/jfb-stiftung.de\/st-paulus-stift-herxheim\/wp-content\/uploads\/sites\/3\/2023\/08\/Wald-von-oben-EP-1000x750.jpg 1000w, https:\/\/jfb-stiftung.de\/st-paulus-stift-herxheim\/wp-content\/uploads\/sites\/3\/2023\/08\/Wald-von-oben-EP-768x576.jpg 768w, https:\/\/jfb-stiftung.de\/st-paulus-stift-herxheim\/wp-content\/uploads\/sites\/3\/2023\/08\/Wald-von-oben-EP.jpg 1500w\" sizes=\"(max-width: 572px) 100vw, 572px\" \/><\/p>\n<p>&nbsp;<\/p>\n","protected":false},"excerpt":{"rendered":"<p>Bis auf 35 Meter hoch zur Aussichtplattform ging es f\u00fcr das motivierte Duo und den Erlebnisp\u00e4dagogen des St. Paulus Stift beim Ausflug &#8222;Baumwipfelpfad&#8220; in Fischbach am Sonntag, den 13.08.2023. Ein \u2026<\/p>\n","protected":false},"author":2,"featured_media":6114,"comment_status":"closed","ping_status":"closed","sticky":false,"template":"","format":"standard","meta":{"_acf_changed":false,"footnotes":""},"categories":[32],"tags":[],"class_list":["post-6108","post","type-post","status-publish","format-standard","has-post-thumbnail","hentry","category-st-paulus-stift-herxheim-news"],"acf":[],"publishpress_future_action":{"enabled":false,"date":"2026-05-04 03:32:51","action":"change-status","newStatus":"draft","terms":[],"taxonomy":"category","extraData":[]},"publishpress_future_workflow_manual_trigger":{"enabledWorkflows":[]},"_links":{"self":[{"href":"https:\/\/jfb-stiftung.de\/st-paulus-stift-herxheim\/wp-json\/wp\/v2\/posts\/6108","targetHints":{"allow":["GET"]}}],"collection":[{"href":"https:\/\/jfb-stiftung.de\/st-paulus-stift-herxheim\/wp-json\/wp\/v2\/posts"}],"about":[{"href":"https:\/\/jfb-stiftung.de\/st-paulus-stift-herxheim\/wp-json\/wp\/v2\/types\/post"}],"author":[{"embeddable":true,"href":"https:\/\/jfb-stiftung.de\/st-paulus-stift-herxheim\/wp-json\/wp\/v2\/users\/2"}],"replies":[{"embeddable":true,"href":"https:\/\/jfb-stiftung.de\/st-paulus-stift-herxheim\/wp-json\/wp\/v2\/comments?post=6108"}],"version-history":[{"count":0,"href":"https:\/\/jfb-stiftung.de\/st-paulus-stift-herxheim\/wp-json\/wp\/v2\/posts\/6108\/revisions"}],"wp:featuredmedia":[{"embeddable":true,"href":"https:\/\/jfb-stiftung.de\/st-paulus-stift-herxheim\/wp-json\/wp\/v2\/media\/6114"}],"wp:attachment":[{"href":"https:\/\/jfb-stiftung.de\/st-paulus-stift-herxheim\/wp-json\/wp\/v2\/media?parent=6108"}],"wp:term":[{"taxonomy":"category","embeddable":true,"href":"https:\/\/jfb-stiftung.de\/st-paulus-stift-herxheim\/wp-json\/wp\/v2\/categories?post=6108"},{"taxonomy":"post_tag","embeddable":true,"href":"https:\/\/jfb-stiftung.de\/st-paulus-stift-herxheim\/wp-json\/wp\/v2\/tags?post=6108"}],"curies":[{"name":"wp","href":"https:\/\/api.w.org\/{rel}","templated":true}]}}