{"id":5839,"date":"2023-06-26T12:31:02","date_gmt":"2023-06-26T10:31:02","guid":{"rendered":"https:\/\/jfb-stiftung.de\/st-paulus-stift-herxheim\/?p=5839"},"modified":"2023-06-27T15:55:55","modified_gmt":"2023-06-27T13:55:55","slug":"zusammen-unschlagbar-mitarbeiterfest-und-ehrung-der-jubilare","status":"publish","type":"post","link":"https:\/\/jfb-stiftung.de\/st-paulus-stift-herxheim\/zusammen-unschlagbar-mitarbeiterfest-und-ehrung-der-jubilare\/","title":{"rendered":"Zusammen unschlagbar: Mitarbeiterfest und Ehrung der Jubilare"},"content":{"rendered":"<p>Unwetterwarnung am Donnerstagmittag, den 22.6.2023. Ein gro\u00dfes Bangen und Zittern. Doch kurz vor dem Startschuss des Mitarbeiterfestes verdr\u00e4ngte die Sonne die Wolken und die Er\u00f6ffnung des Festes konnte wie geplant um 17:30 Uhr stattfinden. Er\u00f6ffnet wurde der Abend durch Gerhard und J\u00fcrgen, die mit ihren Alph\u00f6rnern die Begr\u00fc\u00dfung und den Gottesdienst begleiteten. Frau Natascha Lettner, die Gesch\u00e4ftsbereichsleitung des St. Paulus Stifts, begr\u00fc\u00dfte die Mitarbeitenden mit dem Motto der special olympics World games 2023 \u201ezusammen unschlagbar\u201c. Auch im St. Paulus Stift sind wir \u201ezusammen unschlagbar\u201c \u2013 nur gemeinsam k\u00f6nnen wir die Herausforderungen der Gegenwart und der Zukunft bew\u00e4ltigen und uns gegenseitig (unter)st\u00fctzen. Der Gottesdienst wurde von Pfarrer Steffen Roth und den drei Musiktherapeutinnen Ulrike F\u00fcrst, Katharina Lie\u00dfmann und Miriam Voigt gestaltet. Die musikalischen Einlagen unterstrichen die Botschaft des guten Handelns, der Gleichwertigkeit und der Wichtigkeit von Lebensfreude und positiven Sichtweisen.\u00a0 F\u00fcr den anschlie\u00dfenden gemeinsamen Austausch und die gesellige Runde standen den Mitarbeitenden, neben Getr\u00e4nken, ein Foodtruck mit asiatischen K\u00f6stlichkeiten zur Verf\u00fcgung. \u201eZusammen unschlagbar\u201c\u2013 das zeigt auch, warum so viele Mitarbeitenden dem St. Paulus Stiftes sehr verbunden sind und bleiben und auch in diesem Jahr ihr Dienstjubil\u00e4um feiern. Eine hohe Wertsch\u00e4tzung der Mitarbeitenden f\u00fcr das Haus. Geehrt wurden zehn Mitarbeiterinnen, die f\u00fcr ihre 10-, 15- bzw. 25-j\u00e4hrige Dienstzugeh\u00f6rigkeit auf dem Fest entsprechende Anerkennung fanden. Dank des warmen und trockenen Wetters und der wunderbaren Stimmung wurde bis in den sp\u00e4ten Abend hinein gefeiert.<\/p>\n<div id=\"attachment_5840\" style=\"width: 660px\" class=\"wp-caption aligncenter\"><img fetchpriority=\"high\" decoding=\"async\" aria-describedby=\"caption-attachment-5840\" class=\"wp-image-5840\" src=\"https:\/\/jfb-stiftung.de\/st-paulus-stift-herxheim\/wp-content\/uploads\/sites\/3\/2023\/06\/Dienstjubilaeum-1000x750.jpg\" alt=\"\" width=\"650\" height=\"488\"><p id=\"caption-attachment-5840\" class=\"wp-caption-text\">(auf dem Bild von links stehend): Sabine Branczeisz (15 J.), Anna Koch (25 J.), Sarah Mohr (15 J), Natascha Lettner (Gesch\u00e4ftsbereichsleitung), Tanja M\u00fcller (15 J.), Kirsten Morgenstern (20 J.), Carmen Bayer (15 J.), Barbara Kouker (10 J.), Jessica Bender (10 J.) (auf dem Bild knieend): Sandra H\u00fclsen (10 J.), Inga Samwer (25 J.).<\/p><\/div>\n<p>&nbsp;<\/p>\n<p>&nbsp;<\/p>\n<p>&nbsp;<\/p>\n<p>&nbsp;<\/p>\n","protected":false},"excerpt":{"rendered":"<p>Unwetterwarnung am Donnerstagmittag, den 22.6.2023. Ein gro\u00dfes Bangen und Zittern. Doch kurz vor dem Startschuss des Mitarbeiterfestes verdr\u00e4ngte die Sonne die Wolken und die Er\u00f6ffnung des Festes konnte wie geplant \u2026<\/p>\n","protected":false},"author":2,"featured_media":5843,"comment_status":"closed","ping_status":"closed","sticky":false,"template":"","format":"standard","meta":{"_acf_changed":false,"footnotes":""},"categories":[32],"tags":[],"class_list":["post-5839","post","type-post","status-publish","format-standard","has-post-thumbnail","hentry","category-st-paulus-stift-herxheim-news"],"acf":[],"publishpress_future_action":{"enabled":false,"date":"2026-05-04 03:03:56","action":"change-status","newStatus":"draft","terms":[],"taxonomy":"category","extraData":[]},"publishpress_future_workflow_manual_trigger":{"enabledWorkflows":[]},"_links":{"self":[{"href":"https:\/\/jfb-stiftung.de\/st-paulus-stift-herxheim\/wp-json\/wp\/v2\/posts\/5839","targetHints":{"allow":["GET"]}}],"collection":[{"href":"https:\/\/jfb-stiftung.de\/st-paulus-stift-herxheim\/wp-json\/wp\/v2\/posts"}],"about":[{"href":"https:\/\/jfb-stiftung.de\/st-paulus-stift-herxheim\/wp-json\/wp\/v2\/types\/post"}],"author":[{"embeddable":true,"href":"https:\/\/jfb-stiftung.de\/st-paulus-stift-herxheim\/wp-json\/wp\/v2\/users\/2"}],"replies":[{"embeddable":true,"href":"https:\/\/jfb-stiftung.de\/st-paulus-stift-herxheim\/wp-json\/wp\/v2\/comments?post=5839"}],"version-history":[{"count":0,"href":"https:\/\/jfb-stiftung.de\/st-paulus-stift-herxheim\/wp-json\/wp\/v2\/posts\/5839\/revisions"}],"wp:featuredmedia":[{"embeddable":true,"href":"https:\/\/jfb-stiftung.de\/st-paulus-stift-herxheim\/wp-json\/wp\/v2\/media\/5843"}],"wp:attachment":[{"href":"https:\/\/jfb-stiftung.de\/st-paulus-stift-herxheim\/wp-json\/wp\/v2\/media?parent=5839"}],"wp:term":[{"taxonomy":"category","embeddable":true,"href":"https:\/\/jfb-stiftung.de\/st-paulus-stift-herxheim\/wp-json\/wp\/v2\/categories?post=5839"},{"taxonomy":"post_tag","embeddable":true,"href":"https:\/\/jfb-stiftung.de\/st-paulus-stift-herxheim\/wp-json\/wp\/v2\/tags?post=5839"}],"curies":[{"name":"wp","href":"https:\/\/api.w.org\/{rel}","templated":true}]}}