{"id":5742,"date":"2023-06-13T12:00:30","date_gmt":"2023-06-13T10:00:30","guid":{"rendered":"https:\/\/jfb-stiftung.de\/st-paulus-stift-herxheim\/hoch-hinaus-im-pfaelzer-wald\/"},"modified":"2023-06-13T12:05:18","modified_gmt":"2023-06-13T10:05:18","slug":"hoch-hinaus-im-pfaelzer-wald","status":"publish","type":"post","link":"https:\/\/jfb-stiftung.de\/st-paulus-stift-herxheim\/hoch-hinaus-im-pfaelzer-wald\/","title":{"rendered":"Hoch hinaus im pf\u00e4lzer Wald"},"content":{"rendered":"<p>Was richtig sch\u00f6nes erleben konnten vier Bewohner*innen aus dem St. Paulus Stift, die mit unserem engagierten Erlebnisp\u00e4dagogen im pf\u00e4lzer Wald unterwegs waren. Ordentlich ins Schwitzen kamen Thomas, Temir, Jan und Jeanette und nat\u00fcrlich auch die zwei Betreuer als sie im Hauensteiner Wald auf einen riesigen Felsen kletterten. Doch der anstrengende Weg hat sich gelohnt, denn oben angekommen konnten sie einen wunderbaren Ausblick genie\u00dfen. Daneben gab es noch ein lustiges Balancierspiel mitten im Wald, dass sich der Erlebnisp\u00e4dagoge ausgedacht hat. Nach der sch\u00f6nen Wanderung durchs Felsenmeer ging es ab aufs Wasser und es wurden ein paar Runden mit dem Boot auf dem Paddelweiher gedreht. Zum Abschluss gab es noch ein leckeres Essen, dass diesen erlebnisreichen Tag geb\u00fchrende zu Ende gehen lie\u00df.<\/p>\n<p><img fetchpriority=\"high\" decoding=\"async\" class=\" wp-image-5745 alignnone\" src=\"https:\/\/jfb-stiftung.de\/st-paulus-stift-herxheim\/wp-content\/uploads\/sites\/3\/2023\/06\/Wandern-pfaelzer-Wald-2-1000x1000.jpg\" alt=\"\" width=\"331\" height=\"331\"> <img decoding=\"async\" class=\" wp-image-5744 alignnone\" src=\"https:\/\/jfb-stiftung.de\/st-paulus-stift-herxheim\/wp-content\/uploads\/sites\/3\/2023\/06\/Wandern-pfaelzer-Wald-11-1000x1000.jpg\" alt=\"\" width=\"332\" height=\"332\"> <img decoding=\"async\" class=\" wp-image-5743 alignnone\" src=\"https:\/\/jfb-stiftung.de\/st-paulus-stift-herxheim\/wp-content\/uploads\/sites\/3\/2023\/06\/Wandern-pfaelzer-Wald-9-1000x1000.jpg\" alt=\"\" width=\"332\" height=\"332\"><\/p>\n","protected":false},"excerpt":{"rendered":"<p>Was richtig sch\u00f6nes erleben konnten vier Bewohner*innen aus dem St. Paulus Stift, die mit unserem engagierten Erlebnisp\u00e4dagogen im pf\u00e4lzer Wald unterwegs waren. Ordentlich ins Schwitzen kamen Thomas, Temir, Jan und \u2026<\/p>\n","protected":false},"author":2,"featured_media":5746,"comment_status":"closed","ping_status":"closed","sticky":false,"template":"","format":"standard","meta":{"_acf_changed":false,"footnotes":""},"categories":[32],"tags":[],"class_list":["post-5742","post","type-post","status-publish","format-standard","has-post-thumbnail","hentry","category-st-paulus-stift-herxheim-news"],"acf":[],"publishpress_future_action":{"enabled":false,"date":"2026-05-04 04:29:52","action":"change-status","newStatus":"draft","terms":[],"taxonomy":"category","extraData":[]},"publishpress_future_workflow_manual_trigger":{"enabledWorkflows":[]},"_links":{"self":[{"href":"https:\/\/jfb-stiftung.de\/st-paulus-stift-herxheim\/wp-json\/wp\/v2\/posts\/5742","targetHints":{"allow":["GET"]}}],"collection":[{"href":"https:\/\/jfb-stiftung.de\/st-paulus-stift-herxheim\/wp-json\/wp\/v2\/posts"}],"about":[{"href":"https:\/\/jfb-stiftung.de\/st-paulus-stift-herxheim\/wp-json\/wp\/v2\/types\/post"}],"author":[{"embeddable":true,"href":"https:\/\/jfb-stiftung.de\/st-paulus-stift-herxheim\/wp-json\/wp\/v2\/users\/2"}],"replies":[{"embeddable":true,"href":"https:\/\/jfb-stiftung.de\/st-paulus-stift-herxheim\/wp-json\/wp\/v2\/comments?post=5742"}],"version-history":[{"count":0,"href":"https:\/\/jfb-stiftung.de\/st-paulus-stift-herxheim\/wp-json\/wp\/v2\/posts\/5742\/revisions"}],"wp:featuredmedia":[{"embeddable":true,"href":"https:\/\/jfb-stiftung.de\/st-paulus-stift-herxheim\/wp-json\/wp\/v2\/media\/5746"}],"wp:attachment":[{"href":"https:\/\/jfb-stiftung.de\/st-paulus-stift-herxheim\/wp-json\/wp\/v2\/media?parent=5742"}],"wp:term":[{"taxonomy":"category","embeddable":true,"href":"https:\/\/jfb-stiftung.de\/st-paulus-stift-herxheim\/wp-json\/wp\/v2\/categories?post=5742"},{"taxonomy":"post_tag","embeddable":true,"href":"https:\/\/jfb-stiftung.de\/st-paulus-stift-herxheim\/wp-json\/wp\/v2\/tags?post=5742"}],"curies":[{"name":"wp","href":"https:\/\/api.w.org\/{rel}","templated":true}]}}