{"id":5478,"date":"2023-05-02T08:39:04","date_gmt":"2023-05-02T06:39:04","guid":{"rendered":"https:\/\/jfb-stiftung.de\/st-paulus-stift-herxheim\/?p=5478"},"modified":"2023-05-03T09:50:49","modified_gmt":"2023-05-03T07:50:49","slug":"erfolgreiches-trio-beim-internationalen-judo-wettkampf-in-den-niederlanden","status":"publish","type":"post","link":"https:\/\/jfb-stiftung.de\/st-paulus-stift-herxheim\/erfolgreiches-trio-beim-internationalen-judo-wettkampf-in-den-niederlanden\/","title":{"rendered":"Erfolgreiches Trio beim internationalen Judo-Wettkampf in den Niederlanden"},"content":{"rendered":"<p>Die Aufregung war gro\u00df bei unseren drei Kampfsportlern Jan, David und Temir, denn ihr Heimatverein der Judomaxx in Speyer hatte sie zu einem internationalen Wettkampf in Beverwijk (in der N\u00e4he von Amsterdam) gemeldet und zwar zu den &#8222;Special Needs World Judo Games&#8220;, die vom 14. bis 16. April stattfanden. An den zwei Wettkampftagen gingen 464 Teilnehmer*innen aus zehn Nationen an den Start. Neben unseren drei Judokas waren noch vier weitere Teilnehmer*innen aus dem Verein mit dabei und insgesamt sieben Begleitpersonen (besonders erw\u00e4hnenswert hier die beiden ehrenamtlichen Busfahrer aus Speyer, die die Mannschaft nach Beverwijk fuhr). Schon die Fahrt war ein Erlebnis und die Stimmung besonders gut, vor allem, weil bei zwei Stopps ein leckeres Picknick arrangiert wurde. Richtig sch\u00f6n war auch die Unterkunft in einem Feriendorf direkt am Wasser gelegen. Nach einer Erkundungstour durch Amsterdam am Samstagmittag, ging es f\u00fcr alle abends zu einer besonders originellen Disko in einem Schloss, dort lernten die drei auch gleich ihre Mitkonkurrenten kennen, die aus der ganzen Welt angereist waren, z.B. aus Israel, Skandinavien, den USA, England oder Rum\u00e4nien, um nur einige zu nennen. Am Wettkampftag sonntags war die Stimmung in der gro\u00dfen Halle so richtig mitrei\u00dfend: Nicht nur die zahlreichen Zuschauer*innen und Teilnehmer*innen sorgten f\u00fcr eine tolle Atmosph\u00e4re, sondern eine Frauenkapelle gab musikalisch so ihr Bestes, dass kurz vor Wettkampfbeginn erst einmal eine riesige Polon\u00e4se durch die Halle getanzt wurde. Auf acht Matten wurden zahlreiche Wettk\u00e4mpfe abgehalten, unsere Jungs absolvierten alle vier bis sechs K\u00e4mpfe und die auch noch erfolgreich: Alle erreichten den 3. Platz in verschieden Disziplinen und durften einen Pokal mit nach Hause nehmen. Dar\u00fcber freuten sich alle nat\u00fcrlich riesig, aber nicht nur dar\u00fcber, denn kurz vor ihrem gro\u00dfen Wettkampftag am Sonntag bekamen sie zum Fr\u00fchst\u00fcck noch gute W\u00fcnsche per Video \u00fcbermittelt von ihren Vereinskameraden vom Judomaxx Speyer, die alle aktiv in der Bundesliga k\u00e4mpfen. M\u00fcde und gl\u00fccklich kamen alle am Sonntag wieder im St. Paulus Stift an. Was f\u00fcr ein unvergessliches Erlebnis, das stand f\u00fcr alle gleich fest.<\/p>\n<p><img fetchpriority=\"high\" decoding=\"async\" class=\"wp-image-5481 alignnone\" src=\"https:\/\/jfb-stiftung.de\/st-paulus-stift-herxheim\/wp-content\/uploads\/sites\/3\/2023\/04\/Judo-Wettkamp-Amsterdam-4-750x1000.jpg\" alt=\"\" width=\"205\" height=\"273\"> <img decoding=\"async\" class=\" wp-image-5479 alignnone\" src=\"https:\/\/jfb-stiftung.de\/st-paulus-stift-herxheim\/wp-content\/uploads\/sites\/3\/2023\/04\/Judo-Wettkampf-Amsterdam-1-1000x750.jpg\" alt=\"\" width=\"367\" height=\"275\" srcset=\"https:\/\/jfb-stiftung.de\/st-paulus-stift-herxheim\/wp-content\/uploads\/sites\/3\/2023\/04\/Judo-Wettkampf-Amsterdam-1-1000x750.jpg 1000w, https:\/\/jfb-stiftung.de\/st-paulus-stift-herxheim\/wp-content\/uploads\/sites\/3\/2023\/04\/Judo-Wettkampf-Amsterdam-1-768x576.jpg 768w, https:\/\/jfb-stiftung.de\/st-paulus-stift-herxheim\/wp-content\/uploads\/sites\/3\/2023\/04\/Judo-Wettkampf-Amsterdam-1.jpg 1024w\" sizes=\"(max-width: 367px) 100vw, 367px\" \/> <img decoding=\"async\" class=\"wp-image-5480 alignnone\" src=\"https:\/\/jfb-stiftung.de\/st-paulus-stift-herxheim\/wp-content\/uploads\/sites\/3\/2023\/04\/Judo-Wettkampf-Amsterdam-3-e1682592178636-701x1000.jpg\" alt=\"\" width=\"194\" height=\"277\" srcset=\"https:\/\/jfb-stiftung.de\/st-paulus-stift-herxheim\/wp-content\/uploads\/sites\/3\/2023\/04\/Judo-Wettkampf-Amsterdam-3-e1682592178636-701x1000.jpg 701w, https:\/\/jfb-stiftung.de\/st-paulus-stift-herxheim\/wp-content\/uploads\/sites\/3\/2023\/04\/Judo-Wettkampf-Amsterdam-3-e1682592178636-841x1200.jpg 841w, https:\/\/jfb-stiftung.de\/st-paulus-stift-herxheim\/wp-content\/uploads\/sites\/3\/2023\/04\/Judo-Wettkampf-Amsterdam-3-e1682592178636-768x1095.jpg 768w, https:\/\/jfb-stiftung.de\/st-paulus-stift-herxheim\/wp-content\/uploads\/sites\/3\/2023\/04\/Judo-Wettkampf-Amsterdam-3-e1682592178636-1077x1536.jpg 1077w, https:\/\/jfb-stiftung.de\/st-paulus-stift-herxheim\/wp-content\/uploads\/sites\/3\/2023\/04\/Judo-Wettkampf-Amsterdam-3-e1682592178636.jpg 1152w\" sizes=\"(max-width: 194px) 100vw, 194px\" \/><\/p>\n","protected":false},"excerpt":{"rendered":"<p>Die Aufregung war gro\u00df bei unseren drei Kampfsportlern Jan, David und Temir, denn ihr Heimatverein der Judomaxx in Speyer hatte sie zu einem internationalen Wettkampf in Beverwijk (in der N\u00e4he \u2026<\/p>\n","protected":false},"author":2,"featured_media":5482,"comment_status":"closed","ping_status":"closed","sticky":false,"template":"","format":"standard","meta":{"_acf_changed":false,"footnotes":""},"categories":[32],"tags":[],"class_list":["post-5478","post","type-post","status-publish","format-standard","has-post-thumbnail","hentry","category-st-paulus-stift-herxheim-news"],"acf":[],"publishpress_future_action":{"enabled":false,"date":"2026-05-04 04:40:27","action":"change-status","newStatus":"draft","terms":[],"taxonomy":"category","extraData":[]},"publishpress_future_workflow_manual_trigger":{"enabledWorkflows":[]},"_links":{"self":[{"href":"https:\/\/jfb-stiftung.de\/st-paulus-stift-herxheim\/wp-json\/wp\/v2\/posts\/5478","targetHints":{"allow":["GET"]}}],"collection":[{"href":"https:\/\/jfb-stiftung.de\/st-paulus-stift-herxheim\/wp-json\/wp\/v2\/posts"}],"about":[{"href":"https:\/\/jfb-stiftung.de\/st-paulus-stift-herxheim\/wp-json\/wp\/v2\/types\/post"}],"author":[{"embeddable":true,"href":"https:\/\/jfb-stiftung.de\/st-paulus-stift-herxheim\/wp-json\/wp\/v2\/users\/2"}],"replies":[{"embeddable":true,"href":"https:\/\/jfb-stiftung.de\/st-paulus-stift-herxheim\/wp-json\/wp\/v2\/comments?post=5478"}],"version-history":[{"count":0,"href":"https:\/\/jfb-stiftung.de\/st-paulus-stift-herxheim\/wp-json\/wp\/v2\/posts\/5478\/revisions"}],"wp:featuredmedia":[{"embeddable":true,"href":"https:\/\/jfb-stiftung.de\/st-paulus-stift-herxheim\/wp-json\/wp\/v2\/media\/5482"}],"wp:attachment":[{"href":"https:\/\/jfb-stiftung.de\/st-paulus-stift-herxheim\/wp-json\/wp\/v2\/media?parent=5478"}],"wp:term":[{"taxonomy":"category","embeddable":true,"href":"https:\/\/jfb-stiftung.de\/st-paulus-stift-herxheim\/wp-json\/wp\/v2\/categories?post=5478"},{"taxonomy":"post_tag","embeddable":true,"href":"https:\/\/jfb-stiftung.de\/st-paulus-stift-herxheim\/wp-json\/wp\/v2\/tags?post=5478"}],"curies":[{"name":"wp","href":"https:\/\/api.w.org\/{rel}","templated":true}]}}