{"id":5454,"date":"2023-04-24T10:33:38","date_gmt":"2023-04-24T08:33:38","guid":{"rendered":"https:\/\/jfb-stiftung.de\/st-paulus-stift-herxheim\/?p=5454"},"modified":"2023-04-24T12:06:28","modified_gmt":"2023-04-24T10:06:28","slug":"ausbildungs-und-hochschulmesse-wir-waren-dabei","status":"publish","type":"post","link":"https:\/\/jfb-stiftung.de\/st-paulus-stift-herxheim\/ausbildungs-und-hochschulmesse-wir-waren-dabei\/","title":{"rendered":"Ausbildungs- und Hochschulmesse: Wir waren dabei!"},"content":{"rendered":"<p>Zusammen mit weiteren \u00fcber 130 Unternehmen, Schulen und Co. waren auch wir vom St. Paulus Stift Herxheim mit einem kleinen, aber daf\u00fcr umso sympathischeren Messestand am Samstag, den 22. April in der Festhalle Landau vertreten. Die Fragen der Besucher*innen beantworteten dieses Mal sehr gerne Bewohner Daniel und die beiden Mitarbeiterinnen Ephigenia und Christine, die f\u00fcr uns vor Ort waren. Eine Nische ist der Ausbildungsberuf der\/des Heilerziehungspfleger*in eigentlich nicht, aber nat\u00fcrlich keineswegs so bekannt wie beispielsweise die Ausbildung zur\/zum Erzieher*in. Deshalb drehten sich die meisten Fragen auch tats\u00e4chlich rund um die Ausbildung: Was muss man vorweisen k\u00f6nnen? Wie lange dauert die Ausbildung? Wie sind die Aufstiegschancen oder, ob auch mal ein Schnupperpraktikum m\u00f6glich ist (Yes! Jederzeit! Meldet euch einfach bei uns). Was viele \u00fcberrascht hat: Wir arbeiten hier im St. Paulus Stift mit multiprofessionellen Teams, das hei\u00dft es sind nicht alles Heilerziehungspfleger*innen, sondern auch Altenpfleger*innen, Erzieher*innen und Co., die sich durch ihre Fachkenntnisse gegenseitig gut erg\u00e4nzen und bereichern &#8211; ein Quereinstieg ist also als p\u00e4dagogische Fachkraft jederzeit m\u00f6glich. Auch Fragen zum freiwilligen sozialen Jahr oder auch zum Bundesfreiwilligendienst wurden viele gestellt. Herzlichen Dank an unser Messeteam, denen es sichtlich Spa\u00df gemacht hat, alle Fragen der Messebesucher*innen zu beantworten.<\/p>\n<p><img fetchpriority=\"high\" decoding=\"async\" class=\"wp-image-5456 alignnone\" src=\"https:\/\/jfb-stiftung.de\/st-paulus-stift-herxheim\/wp-content\/uploads\/sites\/3\/2023\/04\/Arge_Messe_2023-II-1000x750.jpg\" alt=\"\" width=\"311\" height=\"234\" srcset=\"https:\/\/jfb-stiftung.de\/st-paulus-stift-herxheim\/wp-content\/uploads\/sites\/3\/2023\/04\/Arge_Messe_2023-II-1000x750.jpg 1000w, https:\/\/jfb-stiftung.de\/st-paulus-stift-herxheim\/wp-content\/uploads\/sites\/3\/2023\/04\/Arge_Messe_2023-II-1500x1125.jpg 1500w, https:\/\/jfb-stiftung.de\/st-paulus-stift-herxheim\/wp-content\/uploads\/sites\/3\/2023\/04\/Arge_Messe_2023-II-768x576.jpg 768w, https:\/\/jfb-stiftung.de\/st-paulus-stift-herxheim\/wp-content\/uploads\/sites\/3\/2023\/04\/Arge_Messe_2023-II-1536x1152.jpg 1536w, https:\/\/jfb-stiftung.de\/st-paulus-stift-herxheim\/wp-content\/uploads\/sites\/3\/2023\/04\/Arge_Messe_2023-II-2048x1536.jpg 2048w\" sizes=\"(max-width: 311px) 100vw, 311px\" \/> <img decoding=\"async\" class=\"wp-image-5455 alignnone\" src=\"https:\/\/jfb-stiftung.de\/st-paulus-stift-herxheim\/wp-content\/uploads\/sites\/3\/2023\/04\/Ausbildungsmesse-Arge-1000x635.jpg\" alt=\"\" width=\"366\" height=\"232\" srcset=\"https:\/\/jfb-stiftung.de\/st-paulus-stift-herxheim\/wp-content\/uploads\/sites\/3\/2023\/04\/Ausbildungsmesse-Arge-1000x635.jpg 1000w, https:\/\/jfb-stiftung.de\/st-paulus-stift-herxheim\/wp-content\/uploads\/sites\/3\/2023\/04\/Ausbildungsmesse-Arge-1500x953.jpg 1500w, https:\/\/jfb-stiftung.de\/st-paulus-stift-herxheim\/wp-content\/uploads\/sites\/3\/2023\/04\/Ausbildungsmesse-Arge-768x488.jpg 768w, https:\/\/jfb-stiftung.de\/st-paulus-stift-herxheim\/wp-content\/uploads\/sites\/3\/2023\/04\/Ausbildungsmesse-Arge-1536x976.jpg 1536w, https:\/\/jfb-stiftung.de\/st-paulus-stift-herxheim\/wp-content\/uploads\/sites\/3\/2023\/04\/Ausbildungsmesse-Arge.jpg 2006w\" sizes=\"(max-width: 366px) 100vw, 366px\" \/><\/p>\n","protected":false},"excerpt":{"rendered":"<p>Zusammen mit weiteren \u00fcber 130 Unternehmen, Schulen und Co. waren auch wir vom St. Paulus Stift Herxheim mit einem kleinen, aber daf\u00fcr umso sympathischeren Messestand am Samstag, den 22. April \u2026<\/p>\n","protected":false},"author":2,"featured_media":5457,"comment_status":"closed","ping_status":"closed","sticky":false,"template":"","format":"standard","meta":{"_acf_changed":false,"footnotes":""},"categories":[32],"tags":[],"class_list":["post-5454","post","type-post","status-publish","format-standard","has-post-thumbnail","hentry","category-st-paulus-stift-herxheim-news"],"acf":[],"publishpress_future_action":{"enabled":false,"date":"2026-05-04 04:35:19","action":"change-status","newStatus":"draft","terms":[],"taxonomy":"category","extraData":[]},"publishpress_future_workflow_manual_trigger":{"enabledWorkflows":[]},"_links":{"self":[{"href":"https:\/\/jfb-stiftung.de\/st-paulus-stift-herxheim\/wp-json\/wp\/v2\/posts\/5454","targetHints":{"allow":["GET"]}}],"collection":[{"href":"https:\/\/jfb-stiftung.de\/st-paulus-stift-herxheim\/wp-json\/wp\/v2\/posts"}],"about":[{"href":"https:\/\/jfb-stiftung.de\/st-paulus-stift-herxheim\/wp-json\/wp\/v2\/types\/post"}],"author":[{"embeddable":true,"href":"https:\/\/jfb-stiftung.de\/st-paulus-stift-herxheim\/wp-json\/wp\/v2\/users\/2"}],"replies":[{"embeddable":true,"href":"https:\/\/jfb-stiftung.de\/st-paulus-stift-herxheim\/wp-json\/wp\/v2\/comments?post=5454"}],"version-history":[{"count":0,"href":"https:\/\/jfb-stiftung.de\/st-paulus-stift-herxheim\/wp-json\/wp\/v2\/posts\/5454\/revisions"}],"wp:featuredmedia":[{"embeddable":true,"href":"https:\/\/jfb-stiftung.de\/st-paulus-stift-herxheim\/wp-json\/wp\/v2\/media\/5457"}],"wp:attachment":[{"href":"https:\/\/jfb-stiftung.de\/st-paulus-stift-herxheim\/wp-json\/wp\/v2\/media?parent=5454"}],"wp:term":[{"taxonomy":"category","embeddable":true,"href":"https:\/\/jfb-stiftung.de\/st-paulus-stift-herxheim\/wp-json\/wp\/v2\/categories?post=5454"},{"taxonomy":"post_tag","embeddable":true,"href":"https:\/\/jfb-stiftung.de\/st-paulus-stift-herxheim\/wp-json\/wp\/v2\/tags?post=5454"}],"curies":[{"name":"wp","href":"https:\/\/api.w.org\/{rel}","templated":true}]}}