{"id":5447,"date":"2023-04-20T11:00:45","date_gmt":"2023-04-20T09:00:45","guid":{"rendered":"https:\/\/jfb-stiftung.de\/st-paulus-stift-herxheim\/ostergottesdienst-voller-lebensfreude\/"},"modified":"2023-04-20T11:03:37","modified_gmt":"2023-04-20T09:03:37","slug":"ostergottesdienst-voller-lebensfreude","status":"publish","type":"post","link":"https:\/\/jfb-stiftung.de\/st-paulus-stift-herxheim\/ostergottesdienst-voller-lebensfreude\/","title":{"rendered":"Ostergottesdienst voller Lebensfreude"},"content":{"rendered":"<p>Unter der \u00dcberschrift &#8222;Aufbruch in die Lebensfreude&#8220; fand am Dienstag, den 18. April ein wahrhaft mit Lebensfreude erf\u00fcllter Gottesdienst in der Kapelle des St. Paulus Stifts mit und f\u00fcr die Bewohner*innen statt. Pfarrer Steffen Roth predigte bildhaft und wortgewandt \u00fcber das Fest des Lebens &#8211; das Osterfest. Und die Bewohnerinnen und Bewohner gestalteten auch selbst aktiv den Gottesdienst mit. Sie brachten ihre ganz eigenen Symbole der Lebensfreude mit und erkl\u00e4rte den Gottesdienstteilnehmer*innen warum sie genau dieses Symbol augew\u00e4hlt hatten. Mitgebracht wurde ein liebevoll gestaltetes gro\u00dfes Eis aus Karton, ein Geschenkpaket, ein Schwimmring und ein bereits sportlich gekleideter Bewohner brachte seinen Lieblingsfussball mit. F\u00fcr die musikalische Umrahmung des Gottesdienstes sorgte die hauseigene Musikgruppe &#8222;Wunderklang&#8220; und die pr\u00e4sentierte die Lieder mit solch einer Lebensfreude, dass beim Lied \u201eLasst uns anstiften zur Freude\u201c sogar in der Kapelle getanzt wurde. Zum Abschluss bekam jeder noch eine T\u00fcte mit leckerem Popcorn geschenkt. Herzlichen Dank an Pfarrer Steffen Roth sowie die Mitarbeiter*innen aus dem Arbeitskreis Religionsp\u00e4dagogik f\u00fcr diesen lebendigen und abwechslungsweichen Gottesdienst.<\/p>\n<p><img fetchpriority=\"high\" decoding=\"async\" class=\"aligncenter wp-image-5448\" src=\"https:\/\/jfb-stiftung.de\/st-paulus-stift-herxheim\/wp-content\/uploads\/sites\/3\/2023\/04\/Bewohner-Ostergottesdienst-2023-1000x563.jpg\" alt=\"\" width=\"570\" height=\"321\" srcset=\"https:\/\/jfb-stiftung.de\/st-paulus-stift-herxheim\/wp-content\/uploads\/sites\/3\/2023\/04\/Bewohner-Ostergottesdienst-2023-1000x563.jpg 1000w, https:\/\/jfb-stiftung.de\/st-paulus-stift-herxheim\/wp-content\/uploads\/sites\/3\/2023\/04\/Bewohner-Ostergottesdienst-2023-1500x845.jpg 1500w, https:\/\/jfb-stiftung.de\/st-paulus-stift-herxheim\/wp-content\/uploads\/sites\/3\/2023\/04\/Bewohner-Ostergottesdienst-2023-768x432.jpg 768w, https:\/\/jfb-stiftung.de\/st-paulus-stift-herxheim\/wp-content\/uploads\/sites\/3\/2023\/04\/Bewohner-Ostergottesdienst-2023-1536x865.jpg 1536w, https:\/\/jfb-stiftung.de\/st-paulus-stift-herxheim\/wp-content\/uploads\/sites\/3\/2023\/04\/Bewohner-Ostergottesdienst-2023.jpg 2000w\" sizes=\"(max-width: 570px) 100vw, 570px\" \/><\/p>\n<p><img decoding=\"async\" class=\"aligncenter wp-image-5449\" src=\"https:\/\/jfb-stiftung.de\/st-paulus-stift-herxheim\/wp-content\/uploads\/sites\/3\/2023\/04\/Ostergottesdienst-II-HX-1000x563.jpg\" alt=\"\" width=\"572\" height=\"322\" srcset=\"https:\/\/jfb-stiftung.de\/st-paulus-stift-herxheim\/wp-content\/uploads\/sites\/3\/2023\/04\/Ostergottesdienst-II-HX-1000x563.jpg 1000w, https:\/\/jfb-stiftung.de\/st-paulus-stift-herxheim\/wp-content\/uploads\/sites\/3\/2023\/04\/Ostergottesdienst-II-HX-1500x845.jpg 1500w, https:\/\/jfb-stiftung.de\/st-paulus-stift-herxheim\/wp-content\/uploads\/sites\/3\/2023\/04\/Ostergottesdienst-II-HX-768x432.jpg 768w, https:\/\/jfb-stiftung.de\/st-paulus-stift-herxheim\/wp-content\/uploads\/sites\/3\/2023\/04\/Ostergottesdienst-II-HX-1536x865.jpg 1536w, https:\/\/jfb-stiftung.de\/st-paulus-stift-herxheim\/wp-content\/uploads\/sites\/3\/2023\/04\/Ostergottesdienst-II-HX.jpg 2000w\" sizes=\"(max-width: 572px) 100vw, 572px\" \/><\/p>\n<p>&nbsp;<\/p>\n","protected":false},"excerpt":{"rendered":"<p>Unter der \u00dcberschrift &#8222;Aufbruch in die Lebensfreude&#8220; fand am Dienstag, den 18. April ein wahrhaft mit Lebensfreude erf\u00fcllter Gottesdienst in der Kapelle des St. Paulus Stifts mit und f\u00fcr die \u2026<\/p>\n","protected":false},"author":2,"featured_media":5450,"comment_status":"closed","ping_status":"closed","sticky":false,"template":"","format":"standard","meta":{"_acf_changed":false,"footnotes":""},"categories":[32],"tags":[],"class_list":["post-5447","post","type-post","status-publish","format-standard","has-post-thumbnail","hentry","category-st-paulus-stift-herxheim-news"],"acf":[],"publishpress_future_action":{"enabled":false,"date":"2026-05-04 04:34:59","action":"change-status","newStatus":"draft","terms":[],"taxonomy":"category","extraData":[]},"publishpress_future_workflow_manual_trigger":{"enabledWorkflows":[]},"_links":{"self":[{"href":"https:\/\/jfb-stiftung.de\/st-paulus-stift-herxheim\/wp-json\/wp\/v2\/posts\/5447","targetHints":{"allow":["GET"]}}],"collection":[{"href":"https:\/\/jfb-stiftung.de\/st-paulus-stift-herxheim\/wp-json\/wp\/v2\/posts"}],"about":[{"href":"https:\/\/jfb-stiftung.de\/st-paulus-stift-herxheim\/wp-json\/wp\/v2\/types\/post"}],"author":[{"embeddable":true,"href":"https:\/\/jfb-stiftung.de\/st-paulus-stift-herxheim\/wp-json\/wp\/v2\/users\/2"}],"replies":[{"embeddable":true,"href":"https:\/\/jfb-stiftung.de\/st-paulus-stift-herxheim\/wp-json\/wp\/v2\/comments?post=5447"}],"version-history":[{"count":0,"href":"https:\/\/jfb-stiftung.de\/st-paulus-stift-herxheim\/wp-json\/wp\/v2\/posts\/5447\/revisions"}],"wp:featuredmedia":[{"embeddable":true,"href":"https:\/\/jfb-stiftung.de\/st-paulus-stift-herxheim\/wp-json\/wp\/v2\/media\/5450"}],"wp:attachment":[{"href":"https:\/\/jfb-stiftung.de\/st-paulus-stift-herxheim\/wp-json\/wp\/v2\/media?parent=5447"}],"wp:term":[{"taxonomy":"category","embeddable":true,"href":"https:\/\/jfb-stiftung.de\/st-paulus-stift-herxheim\/wp-json\/wp\/v2\/categories?post=5447"},{"taxonomy":"post_tag","embeddable":true,"href":"https:\/\/jfb-stiftung.de\/st-paulus-stift-herxheim\/wp-json\/wp\/v2\/tags?post=5447"}],"curies":[{"name":"wp","href":"https:\/\/api.w.org\/{rel}","templated":true}]}}