{"id":5347,"date":"2023-04-03T08:15:41","date_gmt":"2023-04-03T06:15:41","guid":{"rendered":"https:\/\/jfb-stiftung.de\/st-paulus-stift-herxheim\/?p=5347"},"modified":"2023-04-03T08:15:43","modified_gmt":"2023-04-03T06:15:43","slug":"spass-und-ueberraschungen-im-schulpraktikum","status":"publish","type":"post","link":"https:\/\/jfb-stiftung.de\/st-paulus-stift-herxheim\/spass-und-ueberraschungen-im-schulpraktikum\/","title":{"rendered":"Spa\u00df und \u00dcberraschungen im Schulpraktikum"},"content":{"rendered":"<p>Eine Woche durfte Lola, 14 Jahre, in der Tagesf\u00f6rderst\u00e4tte (Taf) des St. Paulus Stifts mit dabei sein. Im Rahmen ihres Schulpraktikums war sie bei unserem Team der Tagesf\u00f6rderst\u00e4tte gleich von Anfang an in alles Wichtige eingebunden und durfte dort so manches erleben. Ob sie eine Vorstellung von der Arbeit hier hatte? In etwa \u201eja&#8220;, doch dann war alles viel besser. Beeindruckt war sie von den speziellen Angeboten f\u00fcr die Besucher*innen der Taf und \u00fcberrascht, dass musste sie ehrlich zugeben, war sie davon, dass rechnen, schreiben, lesen und auch arbeiten f\u00fcr viele gar kein Problem ist. Ob sie ein sch\u00f6nes Erlebnis hatte? \u201eJa, sie hatte viele&#8220;, meint Lola und l\u00e4chelt. \u201eMir hat es richtig gut gefallen bei euch.&#8220; Auf die Idee gekommen ist sie durch einen Tipp von der Freundin ihrer Mutter und dieser Tipp war im Nachhinein Goldwert, denn Lola hat es so gut gefallen, dass sie die Tagesf\u00f6rderst\u00e4tte bald wieder besuchen wird. Recht herzlichen Dank Lola f\u00fcr deine gute Mitarbeit und wir freuen uns darauf, dich bald wiederzusehen.<\/p>\n<p>Lust auf ein Praktikum? Dann schreibt uns doch einfach eine Mail an <a href=\"mailto:hx_info@jfb-stiftung.de\" target=\"_blank\" rel=\"noopener\">hx_info@jfb-stiftung.de<\/a> Wir freuen uns auf Euch!<\/p>\n<p><img fetchpriority=\"high\" decoding=\"async\" class=\"aligncenter wp-image-5348\" src=\"https:\/\/jfb-stiftung.de\/st-paulus-stift-herxheim\/wp-content\/uploads\/sites\/3\/2023\/03\/Collage-Praktikantin-Lola-1000x809.png\" alt=\"\" width=\"659\" height=\"533\" srcset=\"https:\/\/jfb-stiftung.de\/st-paulus-stift-herxheim\/wp-content\/uploads\/sites\/3\/2023\/03\/Collage-Praktikantin-Lola-1000x809.png 1000w, https:\/\/jfb-stiftung.de\/st-paulus-stift-herxheim\/wp-content\/uploads\/sites\/3\/2023\/03\/Collage-Praktikantin-Lola-1483x1200.png 1483w, https:\/\/jfb-stiftung.de\/st-paulus-stift-herxheim\/wp-content\/uploads\/sites\/3\/2023\/03\/Collage-Praktikantin-Lola-768x622.png 768w, https:\/\/jfb-stiftung.de\/st-paulus-stift-herxheim\/wp-content\/uploads\/sites\/3\/2023\/03\/Collage-Praktikantin-Lola-1536x1243.png 1536w, https:\/\/jfb-stiftung.de\/st-paulus-stift-herxheim\/wp-content\/uploads\/sites\/3\/2023\/03\/Collage-Praktikantin-Lola.png 1610w\" sizes=\"(max-width: 659px) 100vw, 659px\" \/><\/p>\n<p>&nbsp;<\/p>\n<p>&nbsp;<\/p>\n","protected":false},"excerpt":{"rendered":"<p>Eine Woche durfte Lola, 14 Jahre, in der Tagesf\u00f6rderst\u00e4tte (Taf) des St. Paulus Stifts mit dabei sein. Im Rahmen ihres Schulpraktikums war sie bei unserem Team der Tagesf\u00f6rderst\u00e4tte gleich von \u2026<\/p>\n","protected":false},"author":2,"featured_media":5349,"comment_status":"closed","ping_status":"closed","sticky":false,"template":"","format":"standard","meta":{"_acf_changed":false,"footnotes":""},"categories":[32],"tags":[],"class_list":["post-5347","post","type-post","status-publish","format-standard","has-post-thumbnail","hentry","category-st-paulus-stift-herxheim-news"],"acf":[],"publishpress_future_action":{"enabled":false,"date":"2026-05-04 04:40:28","action":"change-status","newStatus":"draft","terms":[],"taxonomy":"category","extraData":[]},"publishpress_future_workflow_manual_trigger":{"enabledWorkflows":[]},"_links":{"self":[{"href":"https:\/\/jfb-stiftung.de\/st-paulus-stift-herxheim\/wp-json\/wp\/v2\/posts\/5347","targetHints":{"allow":["GET"]}}],"collection":[{"href":"https:\/\/jfb-stiftung.de\/st-paulus-stift-herxheim\/wp-json\/wp\/v2\/posts"}],"about":[{"href":"https:\/\/jfb-stiftung.de\/st-paulus-stift-herxheim\/wp-json\/wp\/v2\/types\/post"}],"author":[{"embeddable":true,"href":"https:\/\/jfb-stiftung.de\/st-paulus-stift-herxheim\/wp-json\/wp\/v2\/users\/2"}],"replies":[{"embeddable":true,"href":"https:\/\/jfb-stiftung.de\/st-paulus-stift-herxheim\/wp-json\/wp\/v2\/comments?post=5347"}],"version-history":[{"count":0,"href":"https:\/\/jfb-stiftung.de\/st-paulus-stift-herxheim\/wp-json\/wp\/v2\/posts\/5347\/revisions"}],"wp:featuredmedia":[{"embeddable":true,"href":"https:\/\/jfb-stiftung.de\/st-paulus-stift-herxheim\/wp-json\/wp\/v2\/media\/5349"}],"wp:attachment":[{"href":"https:\/\/jfb-stiftung.de\/st-paulus-stift-herxheim\/wp-json\/wp\/v2\/media?parent=5347"}],"wp:term":[{"taxonomy":"category","embeddable":true,"href":"https:\/\/jfb-stiftung.de\/st-paulus-stift-herxheim\/wp-json\/wp\/v2\/categories?post=5347"},{"taxonomy":"post_tag","embeddable":true,"href":"https:\/\/jfb-stiftung.de\/st-paulus-stift-herxheim\/wp-json\/wp\/v2\/tags?post=5347"}],"curies":[{"name":"wp","href":"https:\/\/api.w.org\/{rel}","templated":true}]}}