{"id":5338,"date":"2023-03-31T10:56:23","date_gmt":"2023-03-31T08:56:23","guid":{"rendered":"https:\/\/jfb-stiftung.de\/st-paulus-stift-herxheim\/witzige-osterdeko-auf-unserer-wiese\/"},"modified":"2023-04-04T08:09:46","modified_gmt":"2023-04-04T06:09:46","slug":"witzige-osterdeko-auf-unserer-wiese","status":"publish","type":"post","link":"https:\/\/jfb-stiftung.de\/st-paulus-stift-herxheim\/witzige-osterdeko-auf-unserer-wiese\/","title":{"rendered":"Witzige Osterdeko auf unserer Wiese"},"content":{"rendered":"<p>Die wunderbaren aus Holz angefertigten M\u00f6hren und Hasen-Pop\u00f6chen wurden gemeinsam mit drei Bewohner*innen und Mitarbeiter*innen aus ihrem Versteck geholt und in Teamwork auf der Wiese vor dem St. Paulus Stift dekoriert. Die witzigen und au\u00dfergew\u00f6hnlichen Holzfiguren wurden vom talentierten Gerd Schneider, der in einer betreuten Wohngemeinschaft im Umkreis lebt, extra f\u00fcr das St. Paulus Stift angefertigt. Wer also zu Besuch kommt, der wird nicht drum herum kommen zu schmunzeln und zu staunen, denn solch eine Art von Oster-Dekoration hat nun wirklich nicht jeder. Als Sahneh\u00e4ubchen hat eine engagierte Mitarbeiterin noch ein nettes Gedicht zu den H\u00e4schen und M\u00f6hrchen des St. Paulus Stifts geschrieben, dass bald von einem Besucher der Tagesf\u00f6rderst\u00e4tte noch handschriftlich auf einem Zettel geschrieben und dann bei uns aufgeh\u00e4ngt wird:<\/p>\n<p style=\"text-align: center;\"><em><strong>Das Osterh\u00e4schen vom St. Paulus Stift<\/strong><\/em><\/p>\n<p style=\"text-align: center;\"><em>Osterh\u00e4schen, aufgepasst \u2013 h\u00fcpft vergn\u00fcgt im gr\u00fcnen Gras<br \/>\n<\/em><em>Ohne Gros sich auszuruhen, denn es gibt genug zu tun:<\/em><\/p>\n<p style=\"text-align: center;\"><em>Eier f\u00e4rben und gestalten,<br \/>\n<\/em><em>hier und dort ein Schw\u00e4tzchen halten,<br \/>\n<\/em><em>ein St\u00fcck Schokolade zum Innehalten,<br \/>\n<\/em><em>auf einander achten, nicht verzweifeln,<br \/>\n<\/em><em>bis bald wieder kommen bessere Zeiten.<\/em><\/p>\n<p style=\"text-align: center;\"><em><strong>\u00a0\u00a0\u00a0\u00a0\u00a0\u00a0\u00a0\u00a0\u00a0\u00a0\u00a0\u00a0\u00a0\u00a0\u00a0\u00a0 H\u00e4schen h\u00fcpft zu jedem hin!<\/strong><\/em><\/p>\n<p style=\"text-align: center;\"><em>\u00a0\u00a0\u00a0\u00a0\u00a0\u00a0\u00a0\u00a0\u00a0\u00a0\u00a0\u00a0\u00a0\u00a0 Voller Eifer und Elan bis die Arbeit ist getan.<br \/>\n<\/em><em>Geschenke verteilen an die Lieben, welche hier im Paulus Stift wohnen und leben.<br \/>\n<\/em><em>Schwupps \u2013 da steckt es fest im Hasenloch, Kopf nach vorne, das geht dann doch, P\u00f6\u00f6chen hoch mit Stummelschw\u00e4nzchen, bis gelingt ein fr\u00f6hliches Hasent\u00e4nzchen.<br \/>\n<\/em><em>Ach wie lustig und wie sch\u00f6n ist Ostern dann doch, wenn das H\u00e4schen bleibt stecken in seinem Loch.<br \/>\nN\u00e4schen r\u00fcmpfen, Ohren spitzen, weiterhoppeln, nicht verzweifeln, denn es kommen auch wieder bessere Zeiten.<\/em><\/p>\n<p style=\"text-align: center;\"><strong><em>Frohe Ostern Euch allen !<\/em><\/strong><\/p>\n<p style=\"text-align: right;\"><em>Mitarbeiterin der Tagesf\u00f6rderst\u00e4tte<\/em><\/p>\n<p>&nbsp;<\/p>\n<p><img fetchpriority=\"high\" decoding=\"async\" class=\"alignnone wp-image-5341\" src=\"https:\/\/jfb-stiftung.de\/st-paulus-stift-herxheim\/wp-content\/uploads\/sites\/3\/2023\/03\/Deko-Haeschen-nochmal-Mann-786x1000.jpg\" alt=\"\" width=\"243\" height=\"310\" srcset=\"https:\/\/jfb-stiftung.de\/st-paulus-stift-herxheim\/wp-content\/uploads\/sites\/3\/2023\/03\/Deko-Haeschen-nochmal-Mann-786x1000.jpg 786w, https:\/\/jfb-stiftung.de\/st-paulus-stift-herxheim\/wp-content\/uploads\/sites\/3\/2023\/03\/Deko-Haeschen-nochmal-Mann-943x1200.jpg 943w, https:\/\/jfb-stiftung.de\/st-paulus-stift-herxheim\/wp-content\/uploads\/sites\/3\/2023\/03\/Deko-Haeschen-nochmal-Mann-768x977.jpg 768w, https:\/\/jfb-stiftung.de\/st-paulus-stift-herxheim\/wp-content\/uploads\/sites\/3\/2023\/03\/Deko-Haeschen-nochmal-Mann.jpg 1200w\" sizes=\"(max-width: 243px) 100vw, 243px\" \/> <img decoding=\"async\" class=\" wp-image-5340 alignnone\" src=\"https:\/\/jfb-stiftung.de\/st-paulus-stift-herxheim\/wp-content\/uploads\/sites\/3\/2023\/03\/Dekoteam-789x1000.jpg\" alt=\"\" width=\"245\" height=\"311\" srcset=\"https:\/\/jfb-stiftung.de\/st-paulus-stift-herxheim\/wp-content\/uploads\/sites\/3\/2023\/03\/Dekoteam-789x1000.jpg 789w, https:\/\/jfb-stiftung.de\/st-paulus-stift-herxheim\/wp-content\/uploads\/sites\/3\/2023\/03\/Dekoteam-768x973.jpg 768w, https:\/\/jfb-stiftung.de\/st-paulus-stift-herxheim\/wp-content\/uploads\/sites\/3\/2023\/03\/Dekoteam.jpg 890w\" sizes=\"(max-width: 245px) 100vw, 245px\" \/>\u00a0<img decoding=\"async\" class=\"alignnone wp-image-5339\" src=\"https:\/\/jfb-stiftung.de\/st-paulus-stift-herxheim\/wp-content\/uploads\/sites\/3\/2023\/03\/Osterhasen-Karotten_Website-e1680252891547-1000x877.jpg\" alt=\"\" width=\"354\" height=\"310\" srcset=\"https:\/\/jfb-stiftung.de\/st-paulus-stift-herxheim\/wp-content\/uploads\/sites\/3\/2023\/03\/Osterhasen-Karotten_Website-e1680252891547-1000x877.jpg 1000w, https:\/\/jfb-stiftung.de\/st-paulus-stift-herxheim\/wp-content\/uploads\/sites\/3\/2023\/03\/Osterhasen-Karotten_Website-e1680252891547-1368x1200.jpg 1368w, https:\/\/jfb-stiftung.de\/st-paulus-stift-herxheim\/wp-content\/uploads\/sites\/3\/2023\/03\/Osterhasen-Karotten_Website-e1680252891547-768x674.jpg 768w, https:\/\/jfb-stiftung.de\/st-paulus-stift-herxheim\/wp-content\/uploads\/sites\/3\/2023\/03\/Osterhasen-Karotten_Website-e1680252891547.jpg 1505w\" sizes=\"(max-width: 354px) 100vw, 354px\" \/> <img loading=\"lazy\" decoding=\"async\" class=\"wp-image-5342 alignnone\" src=\"https:\/\/jfb-stiftung.de\/st-paulus-stift-herxheim\/wp-content\/uploads\/sites\/3\/2023\/03\/Deko-Haeschen-Mann-750x1000.jpg\" alt=\"\" width=\"231\" height=\"308\" srcset=\"https:\/\/jfb-stiftung.de\/st-paulus-stift-herxheim\/wp-content\/uploads\/sites\/3\/2023\/03\/Deko-Haeschen-Mann-750x1000.jpg 750w, https:\/\/jfb-stiftung.de\/st-paulus-stift-herxheim\/wp-content\/uploads\/sites\/3\/2023\/03\/Deko-Haeschen-Mann-900x1200.jpg 900w, https:\/\/jfb-stiftung.de\/st-paulus-stift-herxheim\/wp-content\/uploads\/sites\/3\/2023\/03\/Deko-Haeschen-Mann-768x1024.jpg 768w, https:\/\/jfb-stiftung.de\/st-paulus-stift-herxheim\/wp-content\/uploads\/sites\/3\/2023\/03\/Deko-Haeschen-Mann-1152x1536.jpg 1152w, https:\/\/jfb-stiftung.de\/st-paulus-stift-herxheim\/wp-content\/uploads\/sites\/3\/2023\/03\/Deko-Haeschen-Mann.jpg 1200w\" sizes=\"(max-width: 231px) 100vw, 231px\" \/> <img loading=\"lazy\" decoding=\"async\" class=\" wp-image-5359 alignnone\" src=\"https:\/\/jfb-stiftung.de\/st-paulus-stift-herxheim\/wp-content\/uploads\/sites\/3\/2023\/04\/Ostergedicht-handgeschrieben-628x1000.jpg\" alt=\"\" width=\"194\" height=\"309\" srcset=\"https:\/\/jfb-stiftung.de\/st-paulus-stift-herxheim\/wp-content\/uploads\/sites\/3\/2023\/04\/Ostergedicht-handgeschrieben-628x1000.jpg 628w, https:\/\/jfb-stiftung.de\/st-paulus-stift-herxheim\/wp-content\/uploads\/sites\/3\/2023\/04\/Ostergedicht-handgeschrieben-753x1200.jpg 753w, https:\/\/jfb-stiftung.de\/st-paulus-stift-herxheim\/wp-content\/uploads\/sites\/3\/2023\/04\/Ostergedicht-handgeschrieben-768x1223.jpg 768w, https:\/\/jfb-stiftung.de\/st-paulus-stift-herxheim\/wp-content\/uploads\/sites\/3\/2023\/04\/Ostergedicht-handgeschrieben-964x1536.jpg 964w, https:\/\/jfb-stiftung.de\/st-paulus-stift-herxheim\/wp-content\/uploads\/sites\/3\/2023\/04\/Ostergedicht-handgeschrieben-1286x2048.jpg 1286w, https:\/\/jfb-stiftung.de\/st-paulus-stift-herxheim\/wp-content\/uploads\/sites\/3\/2023\/04\/Ostergedicht-handgeschrieben.jpg 1404w\" sizes=\"(max-width: 194px) 100vw, 194px\" \/><\/p>\n<p>&nbsp;<\/p>\n<p>&nbsp;<\/p>\n","protected":false},"excerpt":{"rendered":"<p>Die wunderbaren aus Holz angefertigten M\u00f6hren und Hasen-Pop\u00f6chen wurden gemeinsam mit drei Bewohner*innen und Mitarbeiter*innen aus ihrem Versteck geholt und in Teamwork auf der Wiese vor dem St. Paulus Stift \u2026<\/p>\n","protected":false},"author":2,"featured_media":5343,"comment_status":"closed","ping_status":"closed","sticky":false,"template":"","format":"standard","meta":{"_acf_changed":false,"footnotes":""},"categories":[32],"tags":[],"class_list":["post-5338","post","type-post","status-publish","format-standard","has-post-thumbnail","hentry","category-st-paulus-stift-herxheim-news"],"acf":[],"publishpress_future_action":{"enabled":false,"date":"2026-05-04 04:29:47","action":"change-status","newStatus":"draft","terms":[],"taxonomy":"category","extraData":[]},"publishpress_future_workflow_manual_trigger":{"enabledWorkflows":[]},"_links":{"self":[{"href":"https:\/\/jfb-stiftung.de\/st-paulus-stift-herxheim\/wp-json\/wp\/v2\/posts\/5338","targetHints":{"allow":["GET"]}}],"collection":[{"href":"https:\/\/jfb-stiftung.de\/st-paulus-stift-herxheim\/wp-json\/wp\/v2\/posts"}],"about":[{"href":"https:\/\/jfb-stiftung.de\/st-paulus-stift-herxheim\/wp-json\/wp\/v2\/types\/post"}],"author":[{"embeddable":true,"href":"https:\/\/jfb-stiftung.de\/st-paulus-stift-herxheim\/wp-json\/wp\/v2\/users\/2"}],"replies":[{"embeddable":true,"href":"https:\/\/jfb-stiftung.de\/st-paulus-stift-herxheim\/wp-json\/wp\/v2\/comments?post=5338"}],"version-history":[{"count":0,"href":"https:\/\/jfb-stiftung.de\/st-paulus-stift-herxheim\/wp-json\/wp\/v2\/posts\/5338\/revisions"}],"wp:featuredmedia":[{"embeddable":true,"href":"https:\/\/jfb-stiftung.de\/st-paulus-stift-herxheim\/wp-json\/wp\/v2\/media\/5343"}],"wp:attachment":[{"href":"https:\/\/jfb-stiftung.de\/st-paulus-stift-herxheim\/wp-json\/wp\/v2\/media?parent=5338"}],"wp:term":[{"taxonomy":"category","embeddable":true,"href":"https:\/\/jfb-stiftung.de\/st-paulus-stift-herxheim\/wp-json\/wp\/v2\/categories?post=5338"},{"taxonomy":"post_tag","embeddable":true,"href":"https:\/\/jfb-stiftung.de\/st-paulus-stift-herxheim\/wp-json\/wp\/v2\/tags?post=5338"}],"curies":[{"name":"wp","href":"https:\/\/api.w.org\/{rel}","templated":true}]}}