{"id":5242,"date":"2023-02-22T12:27:45","date_gmt":"2023-02-22T11:27:45","guid":{"rendered":"https:\/\/jfb-stiftung.de\/st-paulus-stift-herxheim\/grosse-faschingsparty-mit-allem-was-dazu-gehoert\/"},"modified":"2023-03-08T10:24:33","modified_gmt":"2023-03-08T09:24:33","slug":"grosse-faschingsparty-mit-allem-was-dazu-gehoert","status":"publish","type":"post","link":"https:\/\/jfb-stiftung.de\/st-paulus-stift-herxheim\/grosse-faschingsparty-mit-allem-was-dazu-gehoert\/","title":{"rendered":"Gro\u00dfe Faschingsparty mit allem was dazu geh\u00f6rt"},"content":{"rendered":"<p>Helau, helau und nochmal helau&#8230;in unserer hauseigenen Aula fand am Rosenmontag eine gro\u00dfe Faschingsparty statt, bei der alle (wirklich alle) jede Menge Spa\u00df hatten. Nach dreij\u00e4hriger Zwangspause wurde endlich wieder gemeinsam gesungen, getanzt und was am wichtigsten ist: auch sehr viel gelacht. Und das Programm mit und f\u00fcr die Bewohner*innen konnte sich auch sehen lassen. Traditionell fiel der Startschuss zur Party um 13:11 mit dem Einmarsch unseres Prinzenpaares Janet I. und Enrico I. zusammen mit der Hausband &#8222;Bella Musica&#8220;, die gleichmal f\u00fcr ordentlich Stimmung sorgte. Neben einem Sitz-Tanz, dem Tanzmariechen vom Germersheimer Karnevalsverein &#8222;Rhoischnooke&#8220; als Special-Guest, Show-Einlagen unserer Tanzgruppe &#8222;Dancing Queens&#8220; und B\u00fcttenreden sorgte auch der \u00dcberraschungsauftritt eines Zauberers f\u00fcr jede Menge gute (nein, sehr gute) Unterhaltung. Auf der Tanzfl\u00e4che sorgte unser DJ Daniel durch seinen guten Faschingsmusik-Mix daf\u00fcr, dass kein Fu\u00df mehr still hielt. Zum Abschluss sangen noch alle gemeinsam das Lied des St. Paulus Stifts &#8222;Wir sind das St. Paulus Stift&#8220; und gegen Abend ging dieser feucht-fr\u00f6hliche Faschingstag zu Ende. \u00dcbrigens die sch\u00f6ne Faschingsdeko auf den Tischen, W\u00e4nden und Decken kam auch von der Seniorengruppe und den Tagesf\u00f6rderst\u00e4tten 4,5 und 6 &#8211; alle haben flei\u00dfig gebastelt, dass alles sch\u00f6n faschingsm\u00e4\u00dfig geschm\u00fcckt ist. Am Faschingsdienstag ging die Party sogar nochmal weiter, denn da kam die Kolpingkapelle Herxheim zu Besuch und pr\u00e4sentierte unseren Bewohner*innen bei ausgelassener Stimmung klassische Faschingslieder. Herzlichen Dank an alle, die mitgeholfen haben, dass diese Faschingspartys nach so langer Pause f\u00fcr so viel Spa\u00df gesorgt haben.<\/p>\n<p><img decoding=\"async\" class=\"alignnone wp-image-5244\" src=\"https:\/\/jfb-stiftung.de\/st-paulus-stift-herxheim\/wp-content\/uploads\/sites\/3\/2023\/02\/Rosenmontag-HX-4-1000x563.jpg\" alt=\"\" width=\"261\" height=\"147\"> <img decoding=\"async\" class=\"alignnone wp-image-5243\" src=\"https:\/\/jfb-stiftung.de\/st-paulus-stift-herxheim\/wp-content\/uploads\/sites\/3\/2023\/02\/Rosenmontag-HX-5-1000x563.jpg\" alt=\"\" width=\"263\" height=\"148\"> <img decoding=\"async\" class=\"alignnone wp-image-5245\" src=\"https:\/\/jfb-stiftung.de\/st-paulus-stift-herxheim\/wp-content\/uploads\/sites\/3\/2023\/02\/Rosenmontag-HX-3-1000x563.jpg\" alt=\"\" width=\"267\" height=\"150\"> <img loading=\"lazy\" decoding=\"async\" class=\"alignnone wp-image-5247\" src=\"https:\/\/jfb-stiftung.de\/st-paulus-stift-herxheim\/wp-content\/uploads\/sites\/3\/2023\/02\/Rosenmontag-HX-1-1000x563.jpg\" alt=\"\" width=\"269\" height=\"151\"> <img loading=\"lazy\" decoding=\"async\" class=\"alignnone wp-image-5250\" src=\"https:\/\/jfb-stiftung.de\/st-paulus-stift-herxheim\/wp-content\/uploads\/sites\/3\/2023\/02\/Dekobasteln_Rosenmontag-1000x1000.jpg\" alt=\"\" width=\"152\" height=\"152\"><\/p>\n","protected":false},"excerpt":{"rendered":"<p>Helau, helau und nochmal helau&#8230;in unserer hauseigenen Aula fand am Rosenmontag eine gro\u00dfe Faschingsparty statt, bei der alle (wirklich alle) jede Menge Spa\u00df hatten. Nach dreij\u00e4hriger Zwangspause wurde endlich wieder \u2026<\/p>\n","protected":false},"author":2,"featured_media":5246,"comment_status":"closed","ping_status":"closed","sticky":false,"template":"","format":"standard","meta":{"_acf_changed":false,"footnotes":""},"categories":[32],"tags":[],"class_list":["post-5242","post","type-post","status-publish","format-standard","has-post-thumbnail","hentry","category-st-paulus-stift-herxheim-news"],"acf":[],"publishpress_future_action":{"enabled":false,"date":"2026-05-04 04:40:40","action":"change-status","newStatus":"draft","terms":[],"taxonomy":"category","extraData":[]},"publishpress_future_workflow_manual_trigger":{"enabledWorkflows":[]},"_links":{"self":[{"href":"https:\/\/jfb-stiftung.de\/st-paulus-stift-herxheim\/wp-json\/wp\/v2\/posts\/5242","targetHints":{"allow":["GET"]}}],"collection":[{"href":"https:\/\/jfb-stiftung.de\/st-paulus-stift-herxheim\/wp-json\/wp\/v2\/posts"}],"about":[{"href":"https:\/\/jfb-stiftung.de\/st-paulus-stift-herxheim\/wp-json\/wp\/v2\/types\/post"}],"author":[{"embeddable":true,"href":"https:\/\/jfb-stiftung.de\/st-paulus-stift-herxheim\/wp-json\/wp\/v2\/users\/2"}],"replies":[{"embeddable":true,"href":"https:\/\/jfb-stiftung.de\/st-paulus-stift-herxheim\/wp-json\/wp\/v2\/comments?post=5242"}],"version-history":[{"count":0,"href":"https:\/\/jfb-stiftung.de\/st-paulus-stift-herxheim\/wp-json\/wp\/v2\/posts\/5242\/revisions"}],"wp:featuredmedia":[{"embeddable":true,"href":"https:\/\/jfb-stiftung.de\/st-paulus-stift-herxheim\/wp-json\/wp\/v2\/media\/5246"}],"wp:attachment":[{"href":"https:\/\/jfb-stiftung.de\/st-paulus-stift-herxheim\/wp-json\/wp\/v2\/media?parent=5242"}],"wp:term":[{"taxonomy":"category","embeddable":true,"href":"https:\/\/jfb-stiftung.de\/st-paulus-stift-herxheim\/wp-json\/wp\/v2\/categories?post=5242"},{"taxonomy":"post_tag","embeddable":true,"href":"https:\/\/jfb-stiftung.de\/st-paulus-stift-herxheim\/wp-json\/wp\/v2\/tags?post=5242"}],"curies":[{"name":"wp","href":"https:\/\/api.w.org\/{rel}","templated":true}]}}