{"id":5204,"date":"2023-01-30T10:18:58","date_gmt":"2023-01-30T09:18:58","guid":{"rendered":"https:\/\/jfb-stiftung.de\/st-paulus-stift-herxheim\/seniorengruppe-bastelt-faschingsdeko\/"},"modified":"2023-01-30T10:18:58","modified_gmt":"2023-01-30T09:18:58","slug":"seniorengruppe-bastelt-faschingsdeko","status":"publish","type":"post","link":"https:\/\/jfb-stiftung.de\/st-paulus-stift-herxheim\/seniorengruppe-bastelt-faschingsdeko\/","title":{"rendered":"Seniorengruppe bastelt Faschingsdeko"},"content":{"rendered":"<p>Mit gro\u00dfer Freude haben die Mitglieder*innen der Seniorengruppe sch\u00f6ne Faschingsdekoration f\u00fcr die R\u00e4ume des St. Paulus Stifts gebastelt: Und die Resultate k\u00f6nnen sich auf jeden Fall sehen lassen. Es wurde geschnitten, geklebt und gemalt was das Zeug hielt und alle waren mit viel Eifer dabei. Dabei kam der Spa\u00df auch nicht zu kurz und ab und zu wurde die Faschingsmusik auch mal ein bisschen lauter aufgedreht. Nicht nur die Seniorengruppe ist voller Vorfreude auf den Faschingsmontag, den da wird in der Aula geschunkelt, gelacht und getanzt, im ganzen Paulus Stift merkt man die zu Fasching \u00fcbliche lustige Stimmung. Dekoriert wurde schon mal, und zwar im ganzen Stift, so dass f\u00fcr die interne Faschingsfeier am Rosenmontag schon mal alles parat steht. Helau, Alaaf, das St. Paulus Stift ist bereit f\u00fcr die Party.<\/p>\n<p><img fetchpriority=\"high\" decoding=\"async\" class=\"wp-image-5208 alignleft\" src=\"https:\/\/jfb-stiftung.de\/st-paulus-stift-herxheim\/wp-content\/uploads\/sites\/3\/2023\/01\/Daniel_Tuer-Deko-1000x1000.jpg\" alt=\"\" width=\"230\" height=\"230\"><img decoding=\"async\" class=\"wp-image-5209 alignnone\" src=\"https:\/\/jfb-stiftung.de\/st-paulus-stift-herxheim\/wp-content\/uploads\/sites\/3\/2023\/01\/Helau-Seniorengruppe-749x1000.jpg\" alt=\"\" width=\"177\" height=\"237\" srcset=\"https:\/\/jfb-stiftung.de\/st-paulus-stift-herxheim\/wp-content\/uploads\/sites\/3\/2023\/01\/Helau-Seniorengruppe-749x1000.jpg 749w, https:\/\/jfb-stiftung.de\/st-paulus-stift-herxheim\/wp-content\/uploads\/sites\/3\/2023\/01\/Helau-Seniorengruppe.jpg 769w\" sizes=\"(max-width: 177px) 100vw, 177px\" \/> \u00a0<img decoding=\"async\" class=\"alignnone  wp-image-5207\" src=\"https:\/\/jfb-stiftung.de\/st-paulus-stift-herxheim\/wp-content\/uploads\/sites\/3\/2023\/01\/Deko_Fasching-2-1000x750.jpg\" alt=\"\" width=\"316\" height=\"237\"> <img loading=\"lazy\" decoding=\"async\" class=\"alignnone  wp-image-5205\" src=\"https:\/\/jfb-stiftung.de\/st-paulus-stift-herxheim\/wp-content\/uploads\/sites\/3\/2023\/01\/Deko_Fasching-1-1000x750.jpg\" alt=\"\" width=\"313\" height=\"235\"><img loading=\"lazy\" decoding=\"async\" class=\"alignnone  wp-image-5206\" src=\"https:\/\/jfb-stiftung.de\/st-paulus-stift-herxheim\/wp-content\/uploads\/sites\/3\/2023\/01\/Deko_Fasching-3-1000x750.jpg\" alt=\"\" width=\"307\" height=\"230\"><\/p>\n","protected":false},"excerpt":{"rendered":"<p>Mit gro\u00dfer Freude haben die Mitglieder*innen der Seniorengruppe sch\u00f6ne Faschingsdekoration f\u00fcr die R\u00e4ume des St. Paulus Stifts gebastelt: Und die Resultate k\u00f6nnen sich auf jeden Fall sehen lassen. Es wurde \u2026<\/p>\n","protected":false},"author":2,"featured_media":5210,"comment_status":"closed","ping_status":"closed","sticky":false,"template":"","format":"standard","meta":{"_acf_changed":false,"footnotes":""},"categories":[32],"tags":[],"class_list":["post-5204","post","type-post","status-publish","format-standard","has-post-thumbnail","hentry","category-st-paulus-stift-herxheim-news"],"acf":[],"publishpress_future_action":{"enabled":false,"date":"2026-05-04 05:53:52","action":"change-status","newStatus":"draft","terms":[],"taxonomy":"category","extraData":[]},"publishpress_future_workflow_manual_trigger":{"enabledWorkflows":[]},"_links":{"self":[{"href":"https:\/\/jfb-stiftung.de\/st-paulus-stift-herxheim\/wp-json\/wp\/v2\/posts\/5204","targetHints":{"allow":["GET"]}}],"collection":[{"href":"https:\/\/jfb-stiftung.de\/st-paulus-stift-herxheim\/wp-json\/wp\/v2\/posts"}],"about":[{"href":"https:\/\/jfb-stiftung.de\/st-paulus-stift-herxheim\/wp-json\/wp\/v2\/types\/post"}],"author":[{"embeddable":true,"href":"https:\/\/jfb-stiftung.de\/st-paulus-stift-herxheim\/wp-json\/wp\/v2\/users\/2"}],"replies":[{"embeddable":true,"href":"https:\/\/jfb-stiftung.de\/st-paulus-stift-herxheim\/wp-json\/wp\/v2\/comments?post=5204"}],"version-history":[{"count":0,"href":"https:\/\/jfb-stiftung.de\/st-paulus-stift-herxheim\/wp-json\/wp\/v2\/posts\/5204\/revisions"}],"wp:featuredmedia":[{"embeddable":true,"href":"https:\/\/jfb-stiftung.de\/st-paulus-stift-herxheim\/wp-json\/wp\/v2\/media\/5210"}],"wp:attachment":[{"href":"https:\/\/jfb-stiftung.de\/st-paulus-stift-herxheim\/wp-json\/wp\/v2\/media?parent=5204"}],"wp:term":[{"taxonomy":"category","embeddable":true,"href":"https:\/\/jfb-stiftung.de\/st-paulus-stift-herxheim\/wp-json\/wp\/v2\/categories?post=5204"},{"taxonomy":"post_tag","embeddable":true,"href":"https:\/\/jfb-stiftung.de\/st-paulus-stift-herxheim\/wp-json\/wp\/v2\/tags?post=5204"}],"curies":[{"name":"wp","href":"https:\/\/api.w.org\/{rel}","templated":true}]}}