{"id":5197,"date":"2023-01-24T11:17:20","date_gmt":"2023-01-24T10:17:20","guid":{"rendered":"https:\/\/jfb-stiftung.de\/st-paulus-stift-herxheim\/tag-der-berufe-wir-stellen-uns-vor\/"},"modified":"2023-01-24T11:23:01","modified_gmt":"2023-01-24T10:23:01","slug":"tag-der-berufe-wir-stellen-uns-vor","status":"publish","type":"post","link":"https:\/\/jfb-stiftung.de\/st-paulus-stift-herxheim\/tag-der-berufe-wir-stellen-uns-vor\/","title":{"rendered":"Tag der Berufe: Wir stellen uns vor"},"content":{"rendered":"<p>Dieses Mal ist unser Messeteam im Alfred Grosser Schulzentrum in Bad Bergzabern vor Ort, um allen interessierten Sch\u00fclerinnen und Sch\u00fclern in lockerer und ungezwungener Atmosph\u00e4re alles zur Ausbildung der\/des Heilerziehungspfleger*in (HEP) zu erz\u00e4hlen. An unserem kleinen, sehr liebevoll dekorierten Messestand gab es neben Popcorn und Give-Aways auch viele spannende und neue Dinge \u00fcber diesen &#8222;Beruf mit Sinn&#8220; zu erfahren. Diese Gelegenheit nutzten auch zahlreiche 9-Kl\u00e4ssler und erfuhren so manch \u00fcberraschendes, wie zum Beispiel Gehalt, Aufstiegsm\u00f6glichkeiten, Fortbildungen und zur Ausbildung an sich. Mit Spa\u00df und einer guten Portion guter Laune stellte sich unser Messeteam gerne den Fragen der Jugendlichen. Der ein oder andere hatte eine Ausbildung zum HEP zwar so gar nicht auf dem Schirm, aber ist einem Schnupperpraktikum gar nicht abgeneigt. Da sagen wir : &#8222;Sehr gerne &#8211; schaut es euch jederzeit an&#8220; &#8211; wir freuen uns auf euch.<\/p>\n<p><img decoding=\"async\" class=\"wp-image-5198 alignnone\" src=\"https:\/\/jfb-stiftung.de\/st-paulus-stift-herxheim\/wp-content\/uploads\/sites\/3\/2023\/01\/Messe-Bergzabern-I-1000x750.jpg\" alt=\"\" width=\"250\" height=\"188\"> <img fetchpriority=\"high\" decoding=\"async\" class=\"alignnone  wp-image-5202\" src=\"https:\/\/jfb-stiftung.de\/st-paulus-stift-herxheim\/wp-content\/uploads\/sites\/3\/2023\/01\/Messe-Bergzabern-III-778x1000.jpg\" alt=\"\" width=\"257\" height=\"330\"><\/p>\n","protected":false},"excerpt":{"rendered":"<p>Dieses Mal ist unser Messeteam im Alfred Grosser Schulzentrum in Bad Bergzabern vor Ort, um allen interessierten Sch\u00fclerinnen und Sch\u00fclern in lockerer und ungezwungener Atmosph\u00e4re alles zur Ausbildung der\/des Heilerziehungspfleger*in \u2026<\/p>\n","protected":false},"author":2,"featured_media":5199,"comment_status":"closed","ping_status":"closed","sticky":false,"template":"","format":"standard","meta":{"_acf_changed":false,"footnotes":""},"categories":[32],"tags":[],"class_list":["post-5197","post","type-post","status-publish","format-standard","has-post-thumbnail","hentry","category-st-paulus-stift-herxheim-news"],"acf":[],"publishpress_future_action":{"enabled":false,"date":"2026-05-04 05:53:54","action":"change-status","newStatus":"draft","terms":[],"taxonomy":"category","extraData":[]},"publishpress_future_workflow_manual_trigger":{"enabledWorkflows":[]},"_links":{"self":[{"href":"https:\/\/jfb-stiftung.de\/st-paulus-stift-herxheim\/wp-json\/wp\/v2\/posts\/5197","targetHints":{"allow":["GET"]}}],"collection":[{"href":"https:\/\/jfb-stiftung.de\/st-paulus-stift-herxheim\/wp-json\/wp\/v2\/posts"}],"about":[{"href":"https:\/\/jfb-stiftung.de\/st-paulus-stift-herxheim\/wp-json\/wp\/v2\/types\/post"}],"author":[{"embeddable":true,"href":"https:\/\/jfb-stiftung.de\/st-paulus-stift-herxheim\/wp-json\/wp\/v2\/users\/2"}],"replies":[{"embeddable":true,"href":"https:\/\/jfb-stiftung.de\/st-paulus-stift-herxheim\/wp-json\/wp\/v2\/comments?post=5197"}],"version-history":[{"count":0,"href":"https:\/\/jfb-stiftung.de\/st-paulus-stift-herxheim\/wp-json\/wp\/v2\/posts\/5197\/revisions"}],"wp:featuredmedia":[{"embeddable":true,"href":"https:\/\/jfb-stiftung.de\/st-paulus-stift-herxheim\/wp-json\/wp\/v2\/media\/5199"}],"wp:attachment":[{"href":"https:\/\/jfb-stiftung.de\/st-paulus-stift-herxheim\/wp-json\/wp\/v2\/media?parent=5197"}],"wp:term":[{"taxonomy":"category","embeddable":true,"href":"https:\/\/jfb-stiftung.de\/st-paulus-stift-herxheim\/wp-json\/wp\/v2\/categories?post=5197"},{"taxonomy":"post_tag","embeddable":true,"href":"https:\/\/jfb-stiftung.de\/st-paulus-stift-herxheim\/wp-json\/wp\/v2\/tags?post=5197"}],"curies":[{"name":"wp","href":"https:\/\/api.w.org\/{rel}","templated":true}]}}