{"id":5047,"date":"2022-12-02T08:38:02","date_gmt":"2022-12-02T07:38:02","guid":{"rendered":"https:\/\/jfb-stiftung.de\/st-paulus-stift-herxheim\/aussergewoehnlicher-adventskalender-fuer-die-bewohnerinnen\/"},"modified":"2022-12-22T11:17:38","modified_gmt":"2022-12-22T10:17:38","slug":"aussergewoehnlicher-adventskalender-fuer-die-bewohnerinnen","status":"publish","type":"post","link":"https:\/\/jfb-stiftung.de\/st-paulus-stift-herxheim\/aussergewoehnlicher-adventskalender-fuer-die-bewohnerinnen\/","title":{"rendered":"Au\u00dfergew\u00f6hnlicher Adventskalender f\u00fcr die Bewohner*innen"},"content":{"rendered":"<p>Eine wunderbare weihnachtliche Idee aus der Tagesf\u00f6rderst\u00e4tte 4 &amp; 6 (Taf) und in Zusammenarbeit mit allen anderen Taf-Gruppen wurde am 1.12. im Foyer des St. Paulus Stifts pr\u00e4sentiert: Ein \u00fcberdimensionaler Adventskalender f\u00fcr alle! Nicht ein gekaufter mit Schokolade, sondern ein von den Mitarbeiter*innen und Bewohner*innen liebevoll selbstgestalteter Adventskalender. Der Clou: Hinter jedem T\u00fcrchen befindet sich ein selbstgemaltes Kunstwerk von einem unserer Bewohner*innen. Der K\u00fcnstler oder die K\u00fcnstlerin hat dann die Ehre jeweils das T\u00fcrchen mit seinem Bild \u00f6ffnen zu d\u00fcrfen. Entsprechend viel los war gestern im Foyer, weil alle neugierig auf diesen au\u00dfergew\u00f6hnlichen Adventskalender waren. Pfarrer Steffen Roth sprach ein paar Worte, die Musiktherapeutin Katharina Lie\u00dfmann unterst\u00fctzte mit musikalischer Begleitung und auch zwei Hornbl\u00e4ser sorgten f\u00fcr weihnachtliches Ambiente im Stift. Es ist das erste Mal, dass es einen solchen Adventkalender im St. Paulus Stift gibt. Herzlichen Dank an die Mitarbeiter*innen der Tagesf\u00f6rderst\u00e4tte f\u00fcr diese tolle Idee und nat\u00fcrlich auch an die K\u00fcnstler unseres Hauses. Mit solch einer sch\u00f6nen Idee steigt die Vorfreude auf Weihnachten mit jedem Tag.<\/p>\n<p><img fetchpriority=\"high\" decoding=\"async\" class=\"alignnone wp-image-5048\" src=\"https:\/\/jfb-stiftung.de\/st-paulus-stift-herxheim\/wp-content\/uploads\/sites\/3\/2022\/12\/Adventskalender-HX-1-1000x733.jpg\" alt=\"\" width=\"354\" height=\"260\" srcset=\"https:\/\/jfb-stiftung.de\/st-paulus-stift-herxheim\/wp-content\/uploads\/sites\/3\/2022\/12\/Adventskalender-HX-1-1000x733.jpg 1000w, https:\/\/jfb-stiftung.de\/st-paulus-stift-herxheim\/wp-content\/uploads\/sites\/3\/2022\/12\/Adventskalender-HX-1-1500x1100.jpg 1500w, https:\/\/jfb-stiftung.de\/st-paulus-stift-herxheim\/wp-content\/uploads\/sites\/3\/2022\/12\/Adventskalender-HX-1-768x563.jpg 768w, https:\/\/jfb-stiftung.de\/st-paulus-stift-herxheim\/wp-content\/uploads\/sites\/3\/2022\/12\/Adventskalender-HX-1-1536x1126.jpg 1536w, https:\/\/jfb-stiftung.de\/st-paulus-stift-herxheim\/wp-content\/uploads\/sites\/3\/2022\/12\/Adventskalender-HX-1-2048x1501.jpg 2048w\" sizes=\"(max-width: 354px) 100vw, 354px\" \/><img decoding=\"async\" class=\"alignnone wp-image-5050\" src=\"https:\/\/jfb-stiftung.de\/st-paulus-stift-herxheim\/wp-content\/uploads\/sites\/3\/2022\/12\/Adventskalender-HX-2-750x1000.jpg\" alt=\"\" width=\"195\" height=\"260\" srcset=\"https:\/\/jfb-stiftung.de\/st-paulus-stift-herxheim\/wp-content\/uploads\/sites\/3\/2022\/12\/Adventskalender-HX-2-750x1000.jpg 750w, https:\/\/jfb-stiftung.de\/st-paulus-stift-herxheim\/wp-content\/uploads\/sites\/3\/2022\/12\/Adventskalender-HX-2-900x1200.jpg 900w, https:\/\/jfb-stiftung.de\/st-paulus-stift-herxheim\/wp-content\/uploads\/sites\/3\/2022\/12\/Adventskalender-HX-2-768x1024.jpg 768w, https:\/\/jfb-stiftung.de\/st-paulus-stift-herxheim\/wp-content\/uploads\/sites\/3\/2022\/12\/Adventskalender-HX-2-1152x1536.jpg 1152w, https:\/\/jfb-stiftung.de\/st-paulus-stift-herxheim\/wp-content\/uploads\/sites\/3\/2022\/12\/Adventskalender-HX-2-1536x2048.jpg 1536w, https:\/\/jfb-stiftung.de\/st-paulus-stift-herxheim\/wp-content\/uploads\/sites\/3\/2022\/12\/Adventskalender-HX-2.jpg 1734w\" sizes=\"(max-width: 195px) 100vw, 195px\" \/><img decoding=\"async\" class=\"alignnone wp-image-5049\" src=\"https:\/\/jfb-stiftung.de\/st-paulus-stift-herxheim\/wp-content\/uploads\/sites\/3\/2022\/12\/Adventskalender-HX-4-1000x750.jpg\" alt=\"\" width=\"346\" height=\"259\" srcset=\"https:\/\/jfb-stiftung.de\/st-paulus-stift-herxheim\/wp-content\/uploads\/sites\/3\/2022\/12\/Adventskalender-HX-4-1000x750.jpg 1000w, https:\/\/jfb-stiftung.de\/st-paulus-stift-herxheim\/wp-content\/uploads\/sites\/3\/2022\/12\/Adventskalender-HX-4-1500x1125.jpg 1500w, https:\/\/jfb-stiftung.de\/st-paulus-stift-herxheim\/wp-content\/uploads\/sites\/3\/2022\/12\/Adventskalender-HX-4-768x576.jpg 768w, https:\/\/jfb-stiftung.de\/st-paulus-stift-herxheim\/wp-content\/uploads\/sites\/3\/2022\/12\/Adventskalender-HX-4-1536x1152.jpg 1536w, https:\/\/jfb-stiftung.de\/st-paulus-stift-herxheim\/wp-content\/uploads\/sites\/3\/2022\/12\/Adventskalender-HX-4-2048x1536.jpg 2048w\" sizes=\"(max-width: 346px) 100vw, 346px\" \/><\/p>\n<div id=\"attachment_5107\" style=\"width: 495px\" class=\"wp-caption aligncenter\"><img loading=\"lazy\" decoding=\"async\" aria-describedby=\"caption-attachment-5107\" class=\"wp-image-5107 \" src=\"https:\/\/jfb-stiftung.de\/st-paulus-stift-herxheim\/wp-content\/uploads\/sites\/3\/2022\/12\/Adventskalender-fast-alle-Tuerchen-1000x750.jpg\" alt=\"\" width=\"485\" height=\"364\"><p id=\"caption-attachment-5107\" class=\"wp-caption-text\">Fast alle T\u00fcrchen des Adventskalenders sind heute am 22.12.2022 bereits ge\u00f6ffnet.<\/p><\/div>\n","protected":false},"excerpt":{"rendered":"<p>Eine wunderbare weihnachtliche Idee aus der Tagesf\u00f6rderst\u00e4tte 4 &amp; 6 (Taf) und in Zusammenarbeit mit allen anderen Taf-Gruppen wurde am 1.12. im Foyer des St. Paulus Stifts pr\u00e4sentiert: Ein \u00fcberdimensionaler \u2026<\/p>\n","protected":false},"author":2,"featured_media":5051,"comment_status":"closed","ping_status":"closed","sticky":false,"template":"","format":"standard","meta":{"_acf_changed":false,"footnotes":""},"categories":[32],"tags":[],"class_list":["post-5047","post","type-post","status-publish","format-standard","has-post-thumbnail","hentry","category-st-paulus-stift-herxheim-news"],"acf":[],"publishpress_future_action":{"enabled":false,"date":"2026-05-04 06:15:41","action":"change-status","newStatus":"draft","terms":[],"taxonomy":"category","extraData":[]},"publishpress_future_workflow_manual_trigger":{"enabledWorkflows":[]},"_links":{"self":[{"href":"https:\/\/jfb-stiftung.de\/st-paulus-stift-herxheim\/wp-json\/wp\/v2\/posts\/5047","targetHints":{"allow":["GET"]}}],"collection":[{"href":"https:\/\/jfb-stiftung.de\/st-paulus-stift-herxheim\/wp-json\/wp\/v2\/posts"}],"about":[{"href":"https:\/\/jfb-stiftung.de\/st-paulus-stift-herxheim\/wp-json\/wp\/v2\/types\/post"}],"author":[{"embeddable":true,"href":"https:\/\/jfb-stiftung.de\/st-paulus-stift-herxheim\/wp-json\/wp\/v2\/users\/2"}],"replies":[{"embeddable":true,"href":"https:\/\/jfb-stiftung.de\/st-paulus-stift-herxheim\/wp-json\/wp\/v2\/comments?post=5047"}],"version-history":[{"count":0,"href":"https:\/\/jfb-stiftung.de\/st-paulus-stift-herxheim\/wp-json\/wp\/v2\/posts\/5047\/revisions"}],"wp:featuredmedia":[{"embeddable":true,"href":"https:\/\/jfb-stiftung.de\/st-paulus-stift-herxheim\/wp-json\/wp\/v2\/media\/5051"}],"wp:attachment":[{"href":"https:\/\/jfb-stiftung.de\/st-paulus-stift-herxheim\/wp-json\/wp\/v2\/media?parent=5047"}],"wp:term":[{"taxonomy":"category","embeddable":true,"href":"https:\/\/jfb-stiftung.de\/st-paulus-stift-herxheim\/wp-json\/wp\/v2\/categories?post=5047"},{"taxonomy":"post_tag","embeddable":true,"href":"https:\/\/jfb-stiftung.de\/st-paulus-stift-herxheim\/wp-json\/wp\/v2\/tags?post=5047"}],"curies":[{"name":"wp","href":"https:\/\/api.w.org\/{rel}","templated":true}]}}