{"id":4994,"date":"2022-11-16T12:07:46","date_gmt":"2022-11-16T11:07:46","guid":{"rendered":"https:\/\/jfb-stiftung.de\/st-paulus-stift-herxheim\/unser-lied-reinhoeren-lohnt-sich\/"},"modified":"2022-11-16T12:29:04","modified_gmt":"2022-11-16T11:29:04","slug":"unser-lied-reinhoeren-lohnt-sich","status":"publish","type":"post","link":"https:\/\/jfb-stiftung.de\/st-paulus-stift-herxheim\/unser-lied-reinhoeren-lohnt-sich\/","title":{"rendered":"Unser Lied &#8211; Reinh\u00f6ren lohnt sich"},"content":{"rendered":"<p>Aus der Feder unseres Haus, genauer gesagt, von unserer engagierten Musiktherapeutin Ulrike F\u00fcrst stammt dieses ber\u00fchrende und voller Herzblut geschriebene neue Lied \u00fcber das St. Paulus Stift. Komponiert und mit der Gitarre begleitet von Ulrike F\u00fcrst und wundersch\u00f6n gesungen von der ebenfalls im St. Paulus Stift t\u00e4tigen Musiktherapeutin Katharina Lie\u00dfmann. Begleitet von einem kleinen Chor bestehend aus Besucher*innen und Mitarbeiter*innen der Tagesf\u00f6rderst\u00e4tte. \u201eWir sind das St. Paulus Stift &#8211; wir alle geh\u00f6ren dazu auch ich und du&#8230;&#8220;<br \/>\nAlle hatten Spa\u00df bei der Aufnahme im Innenhof des St. Paulus Stifts. H\u00f6rt selbst:<\/p>\n<p>Unser Lied: \u201eWir sind das St. Paulus Stift&#8220;<\/p>\n<audio class=\"wp-audio-shortcode\" id=\"audio-4994-1\" preload=\"none\" style=\"width: 100%;\" controls=\"controls\"><source type=\"audio\/mpeg\" src=\"https:\/\/jfb-stiftung.de\/st-paulus-stift-herxheim\/wp-content\/uploads\/sites\/3\/2022\/11\/Wir-sind-das-St.-Paulus-Stift_Website-mp3.mp3?_=1\" \/><a href=\"https:\/\/jfb-stiftung.de\/st-paulus-stift-herxheim\/wp-content\/uploads\/sites\/3\/2022\/11\/Wir-sind-das-St.-Paulus-Stift_Website-mp3.mp3\">https:\/\/jfb-stiftung.de\/st-paulus-stift-herxheim\/wp-content\/uploads\/sites\/3\/2022\/11\/Wir-sind-das-St.-Paulus-Stift_Website-mp3.mp3<\/a><\/audio>\n<p>Gesang: Katharina Lie\u00dfmann<br \/>\nMusik, Text, Gitarre: Ulrike F\u00fcrst<br \/>\nChor: Mitarbeiter*innen und Bewohner*innen der Tagesf\u00f6rderst\u00e4tte des St. Paulus Stifts Herxheim<\/p>\n","protected":false},"excerpt":{"rendered":"<p>Aus der Feder unseres Haus, genauer gesagt, von unserer engagierten Musiktherapeutin Ulrike F\u00fcrst stammt dieses ber\u00fchrende und voller Herzblut geschriebene neue Lied \u00fcber das St. Paulus Stift. Komponiert und mit \u2026<\/p>\n","protected":false},"author":2,"featured_media":4977,"comment_status":"closed","ping_status":"closed","sticky":false,"template":"","format":"standard","meta":{"_acf_changed":false,"footnotes":""},"categories":[32],"tags":[],"class_list":["post-4994","post","type-post","status-publish","format-standard","has-post-thumbnail","hentry","category-st-paulus-stift-herxheim-news"],"acf":[],"publishpress_future_action":{"enabled":false,"date":"2026-05-04 05:53:05","action":"change-status","newStatus":"draft","terms":[],"taxonomy":"category","extraData":[]},"publishpress_future_workflow_manual_trigger":{"enabledWorkflows":[]},"_links":{"self":[{"href":"https:\/\/jfb-stiftung.de\/st-paulus-stift-herxheim\/wp-json\/wp\/v2\/posts\/4994","targetHints":{"allow":["GET"]}}],"collection":[{"href":"https:\/\/jfb-stiftung.de\/st-paulus-stift-herxheim\/wp-json\/wp\/v2\/posts"}],"about":[{"href":"https:\/\/jfb-stiftung.de\/st-paulus-stift-herxheim\/wp-json\/wp\/v2\/types\/post"}],"author":[{"embeddable":true,"href":"https:\/\/jfb-stiftung.de\/st-paulus-stift-herxheim\/wp-json\/wp\/v2\/users\/2"}],"replies":[{"embeddable":true,"href":"https:\/\/jfb-stiftung.de\/st-paulus-stift-herxheim\/wp-json\/wp\/v2\/comments?post=4994"}],"version-history":[{"count":0,"href":"https:\/\/jfb-stiftung.de\/st-paulus-stift-herxheim\/wp-json\/wp\/v2\/posts\/4994\/revisions"}],"wp:featuredmedia":[{"embeddable":true,"href":"https:\/\/jfb-stiftung.de\/st-paulus-stift-herxheim\/wp-json\/wp\/v2\/media\/4977"}],"wp:attachment":[{"href":"https:\/\/jfb-stiftung.de\/st-paulus-stift-herxheim\/wp-json\/wp\/v2\/media?parent=4994"}],"wp:term":[{"taxonomy":"category","embeddable":true,"href":"https:\/\/jfb-stiftung.de\/st-paulus-stift-herxheim\/wp-json\/wp\/v2\/categories?post=4994"},{"taxonomy":"post_tag","embeddable":true,"href":"https:\/\/jfb-stiftung.de\/st-paulus-stift-herxheim\/wp-json\/wp\/v2\/tags?post=4994"}],"curies":[{"name":"wp","href":"https:\/\/api.w.org\/{rel}","templated":true}]}}