{"id":4954,"date":"2022-11-07T10:46:52","date_gmt":"2022-11-07T09:46:52","guid":{"rendered":"https:\/\/jfb-stiftung.de\/st-paulus-stift-herxheim\/halloween-spass-im-st-paulus-stift\/"},"modified":"2022-11-07T10:53:09","modified_gmt":"2022-11-07T09:53:09","slug":"halloween-spass-im-st-paulus-stift","status":"publish","type":"post","link":"https:\/\/jfb-stiftung.de\/st-paulus-stift-herxheim\/halloween-spass-im-st-paulus-stift\/","title":{"rendered":"Halloween-Spa\u00df im St. Paulus Stift"},"content":{"rendered":"<p>Es wurde gebastelt, gewerkelt und dekoriert was das Zeug hielt, um so manchen Gruppenraum und die R\u00e4ume der Tagesf\u00f6rderst\u00e4tte (Taf) passend zu Halloween wunderbar gruselig zu gestalten. Die Mitarbeiter*innen der Taf stellten zusammen mit den Bewohner*innen innerhalb des Projektes &#8222;Halloween&#8220; allerhand selbstgemachte Dekorationen her, ein Highlight waren hier sicherlich die bemalten K\u00fcrbisse. Besonders sch\u00f6n wurde die Grusel-Ecke der Taf dekoriert, hier fanden Spinnen, Geister, Hexen und allerlei andere unheimliche Wesen ihren Platz. Und auch das traditionelle Klingeln von Haust\u00fcr zu Haust\u00fcr um &#8222;S\u00fc\u00dfes oder Saures&#8220; zu verlangen wurde \u00e0 la Paulus Stift umgesetzt: Geklingelt wurde von Wohngruppe zu Wohngruppe und f\u00fcr jede*n Bewohner*in gab es nat\u00fcrlich eine Leckerei. Alle hatten jede Menge Spa\u00df und die T\u00fcten mit S\u00fc\u00dfigkeiten waren am Ende gut gef\u00fcllt.<\/p>\n<p>&nbsp;<\/p>\n<p><img fetchpriority=\"high\" decoding=\"async\" class=\"alignnone wp-image-4959\" src=\"https:\/\/jfb-stiftung.de\/st-paulus-stift-herxheim\/wp-content\/uploads\/sites\/3\/2022\/11\/Kuerbisse-bemalen-Halloween-3-scaled-e1667814654478-827x1000.jpg\" alt=\"\" width=\"275\" height=\"332\"><img decoding=\"async\" class=\"alignnone wp-image-4955\" src=\"https:\/\/jfb-stiftung.de\/st-paulus-stift-herxheim\/wp-content\/uploads\/sites\/3\/2022\/11\/Deko_Halloween-II-750x1000.jpg\" alt=\"\" width=\"250\" height=\"333\"><img decoding=\"async\" class=\"alignnone wp-image-4957\" src=\"https:\/\/jfb-stiftung.de\/st-paulus-stift-herxheim\/wp-content\/uploads\/sites\/3\/2022\/11\/Kuerbisse-bemalen-Halloween-2-750x1000.jpg\" alt=\"\" width=\"250\" height=\"333\"><img loading=\"lazy\" decoding=\"async\" class=\"alignnone wp-image-4958\" src=\"https:\/\/jfb-stiftung.de\/st-paulus-stift-herxheim\/wp-content\/uploads\/sites\/3\/2022\/11\/Kuerbisse-bemalen-Halloween-1-750x1000.jpg\" alt=\"\" width=\"250\" height=\"333\"><\/p>\n","protected":false},"excerpt":{"rendered":"<p>Es wurde gebastelt, gewerkelt und dekoriert was das Zeug hielt, um so manchen Gruppenraum und die R\u00e4ume der Tagesf\u00f6rderst\u00e4tte (Taf) passend zu Halloween wunderbar gruselig zu gestalten. Die Mitarbeiter*innen der \u2026<\/p>\n","protected":false},"author":2,"featured_media":4956,"comment_status":"closed","ping_status":"closed","sticky":false,"template":"","format":"standard","meta":{"_acf_changed":false,"footnotes":""},"categories":[32],"tags":[],"class_list":["post-4954","post","type-post","status-publish","format-standard","has-post-thumbnail","hentry","category-st-paulus-stift-herxheim-news"],"acf":[],"publishpress_future_action":{"enabled":false,"date":"2026-05-04 05:53:52","action":"change-status","newStatus":"draft","terms":[],"taxonomy":"category","extraData":[]},"publishpress_future_workflow_manual_trigger":{"enabledWorkflows":[]},"_links":{"self":[{"href":"https:\/\/jfb-stiftung.de\/st-paulus-stift-herxheim\/wp-json\/wp\/v2\/posts\/4954","targetHints":{"allow":["GET"]}}],"collection":[{"href":"https:\/\/jfb-stiftung.de\/st-paulus-stift-herxheim\/wp-json\/wp\/v2\/posts"}],"about":[{"href":"https:\/\/jfb-stiftung.de\/st-paulus-stift-herxheim\/wp-json\/wp\/v2\/types\/post"}],"author":[{"embeddable":true,"href":"https:\/\/jfb-stiftung.de\/st-paulus-stift-herxheim\/wp-json\/wp\/v2\/users\/2"}],"replies":[{"embeddable":true,"href":"https:\/\/jfb-stiftung.de\/st-paulus-stift-herxheim\/wp-json\/wp\/v2\/comments?post=4954"}],"version-history":[{"count":0,"href":"https:\/\/jfb-stiftung.de\/st-paulus-stift-herxheim\/wp-json\/wp\/v2\/posts\/4954\/revisions"}],"wp:featuredmedia":[{"embeddable":true,"href":"https:\/\/jfb-stiftung.de\/st-paulus-stift-herxheim\/wp-json\/wp\/v2\/media\/4956"}],"wp:attachment":[{"href":"https:\/\/jfb-stiftung.de\/st-paulus-stift-herxheim\/wp-json\/wp\/v2\/media?parent=4954"}],"wp:term":[{"taxonomy":"category","embeddable":true,"href":"https:\/\/jfb-stiftung.de\/st-paulus-stift-herxheim\/wp-json\/wp\/v2\/categories?post=4954"},{"taxonomy":"post_tag","embeddable":true,"href":"https:\/\/jfb-stiftung.de\/st-paulus-stift-herxheim\/wp-json\/wp\/v2\/tags?post=4954"}],"curies":[{"name":"wp","href":"https:\/\/api.w.org\/{rel}","templated":true}]}}