{"id":4927,"date":"2022-10-19T10:28:37","date_gmt":"2022-10-19T08:28:37","guid":{"rendered":"https:\/\/jfb-stiftung.de\/st-paulus-stift-herxheim\/?p=4927"},"modified":"2022-11-03T08:08:05","modified_gmt":"2022-11-03T07:08:05","slug":"herbstliche-bastel-und-backaktionen","status":"publish","type":"post","link":"https:\/\/jfb-stiftung.de\/st-paulus-stift-herxheim\/herbstliche-bastel-und-backaktionen\/","title":{"rendered":"Herbstliche Bastel- und Backaktionen"},"content":{"rendered":"<p>Ab ging es in die Natur: Kombiniert mit einem sch\u00f6nen Herbstspaziergang wurden zusammen mit den Bewohner*innen die bunt gef\u00e4rbten Bl\u00e4tter der B\u00e4ume, Gr\u00e4ser, Rosskastanien, Tannenzapfen und Co. f\u00fcr verschiedene Bastel- und Dekoaktionen gesammelt. So wurde zum Beispiel der Gruppenraum der Seniorengruppe wunderbar herbstlich dekoriert. Getreu dem Motto \u201eHurra Hurra der Herbst ist da\u201c durften die Senior*innen kleine Fliegenpilze basteln, die dann h\u00fcbsch mit den gesammelten herbstlichen Naturmaterialien in Gl\u00e4ser und Vasen drapiert wurde. Auch die Mitarbeiter*innen und Besucher*innen der Tagesf\u00f6rderst\u00e4tte 6 waren flei\u00dfig am Werk und zauberten der Holzfigur \u201ePrinzessin Pauline&#8220; ein unglaublich sch\u00f6nes herbstliches Outfit aus den gesammelten Sch\u00e4tzen, die der Herbst hervorbrachte. \u201eHerbstwind l\u00e4sst die Bl\u00e4tter fallen! Wir haben welche aufgefangen&#8220; unter diesem Motto hatten alle unglaublich viel Spa\u00df aus Bl\u00e4ttern, Tannenzapfen und Gr\u00e4sern \u201ePauline&#8220; ihr \u201eHerbstkleid&#8220; zu best\u00fccken &#8211; mit beeindruckenden Details, das sollte nicht unerw\u00e4hnt bleiben. Auch die Mitarbeiter*innen der Tagesf\u00f6rderst\u00e4tte 1 hatten eine tolle\u00a0 bzw. leckere &#8222;Herbstaktion&#8220;: Zusammen mit den Bewohner*innen wurden zuckers\u00fc\u00dfe &#8222;Igel-Kekse&#8220; gebacken. Nicht nur das Backen sorgte f\u00fcr jede Menge Spa\u00df, sondern auch beim anschlie\u00dfenden Naschen war die Stimmung grandios.<\/p>\n<p><img fetchpriority=\"high\" decoding=\"async\" class=\"alignnone wp-image-4949\" src=\"https:\/\/jfb-stiftung.de\/st-paulus-stift-herxheim\/wp-content\/uploads\/sites\/3\/2022\/11\/IMG_4719-Igel-1-1000x750.jpg\" alt=\"\" width=\"423\" height=\"317\">\u00a0<img decoding=\"async\" class=\"alignnone wp-image-4929\" src=\"https:\/\/jfb-stiftung.de\/st-paulus-stift-herxheim\/wp-content\/uploads\/sites\/3\/2022\/10\/Herbstprojekt-Seniorengruppe-3-1000x1000.jpg\" alt=\"\" width=\"318\" height=\"318\"> <img decoding=\"async\" class=\"alignnone wp-image-4930\" src=\"https:\/\/jfb-stiftung.de\/st-paulus-stift-herxheim\/wp-content\/uploads\/sites\/3\/2022\/10\/Herbstprojekt-Seniorengruppe-2-1000x1000.jpg\" alt=\"\" width=\"318\" height=\"318\"> <img loading=\"lazy\" decoding=\"async\" class=\"alignnone wp-image-4931\" src=\"https:\/\/jfb-stiftung.de\/st-paulus-stift-herxheim\/wp-content\/uploads\/sites\/3\/2022\/10\/Herbstprojekt-Seniorengruppe-6-750x1000.jpg\" alt=\"\" width=\"239\" height=\"318\" srcset=\"https:\/\/jfb-stiftung.de\/st-paulus-stift-herxheim\/wp-content\/uploads\/sites\/3\/2022\/10\/Herbstprojekt-Seniorengruppe-6-750x1000.jpg 750w, https:\/\/jfb-stiftung.de\/st-paulus-stift-herxheim\/wp-content\/uploads\/sites\/3\/2022\/10\/Herbstprojekt-Seniorengruppe-6-900x1200.jpg 900w, https:\/\/jfb-stiftung.de\/st-paulus-stift-herxheim\/wp-content\/uploads\/sites\/3\/2022\/10\/Herbstprojekt-Seniorengruppe-6-768x1024.jpg 768w, https:\/\/jfb-stiftung.de\/st-paulus-stift-herxheim\/wp-content\/uploads\/sites\/3\/2022\/10\/Herbstprojekt-Seniorengruppe-6-1152x1536.jpg 1152w, https:\/\/jfb-stiftung.de\/st-paulus-stift-herxheim\/wp-content\/uploads\/sites\/3\/2022\/10\/Herbstprojekt-Seniorengruppe-6.jpg 1200w\" sizes=\"(max-width: 239px) 100vw, 239px\" \/> <img loading=\"lazy\" decoding=\"async\" class=\"alignnone wp-image-4932\" src=\"https:\/\/jfb-stiftung.de\/st-paulus-stift-herxheim\/wp-content\/uploads\/sites\/3\/2022\/10\/Herbstfrau-I-1000x796.jpg\" alt=\"\" width=\"399\" height=\"318\"><\/p>\n","protected":false},"excerpt":{"rendered":"<p>Ab ging es in die Natur: Kombiniert mit einem sch\u00f6nen Herbstspaziergang wurden zusammen mit den Bewohner*innen die bunt gef\u00e4rbten Bl\u00e4tter der B\u00e4ume, Gr\u00e4ser, Rosskastanien, Tannenzapfen und Co. f\u00fcr verschiedene Bastel- \u2026<\/p>\n","protected":false},"author":2,"featured_media":4933,"comment_status":"closed","ping_status":"closed","sticky":false,"template":"","format":"standard","meta":{"_acf_changed":false,"footnotes":""},"categories":[32],"tags":[],"class_list":["post-4927","post","type-post","status-publish","format-standard","has-post-thumbnail","hentry","category-st-paulus-stift-herxheim-news"],"acf":[],"publishpress_future_action":{"enabled":false,"date":"2026-05-04 05:53:53","action":"change-status","newStatus":"draft","terms":[],"taxonomy":"category","extraData":[]},"publishpress_future_workflow_manual_trigger":{"enabledWorkflows":[]},"_links":{"self":[{"href":"https:\/\/jfb-stiftung.de\/st-paulus-stift-herxheim\/wp-json\/wp\/v2\/posts\/4927","targetHints":{"allow":["GET"]}}],"collection":[{"href":"https:\/\/jfb-stiftung.de\/st-paulus-stift-herxheim\/wp-json\/wp\/v2\/posts"}],"about":[{"href":"https:\/\/jfb-stiftung.de\/st-paulus-stift-herxheim\/wp-json\/wp\/v2\/types\/post"}],"author":[{"embeddable":true,"href":"https:\/\/jfb-stiftung.de\/st-paulus-stift-herxheim\/wp-json\/wp\/v2\/users\/2"}],"replies":[{"embeddable":true,"href":"https:\/\/jfb-stiftung.de\/st-paulus-stift-herxheim\/wp-json\/wp\/v2\/comments?post=4927"}],"version-history":[{"count":0,"href":"https:\/\/jfb-stiftung.de\/st-paulus-stift-herxheim\/wp-json\/wp\/v2\/posts\/4927\/revisions"}],"wp:featuredmedia":[{"embeddable":true,"href":"https:\/\/jfb-stiftung.de\/st-paulus-stift-herxheim\/wp-json\/wp\/v2\/media\/4933"}],"wp:attachment":[{"href":"https:\/\/jfb-stiftung.de\/st-paulus-stift-herxheim\/wp-json\/wp\/v2\/media?parent=4927"}],"wp:term":[{"taxonomy":"category","embeddable":true,"href":"https:\/\/jfb-stiftung.de\/st-paulus-stift-herxheim\/wp-json\/wp\/v2\/categories?post=4927"},{"taxonomy":"post_tag","embeddable":true,"href":"https:\/\/jfb-stiftung.de\/st-paulus-stift-herxheim\/wp-json\/wp\/v2\/tags?post=4927"}],"curies":[{"name":"wp","href":"https:\/\/api.w.org\/{rel}","templated":true}]}}