{"id":4845,"date":"2022-10-07T10:30:47","date_gmt":"2022-10-07T08:30:47","guid":{"rendered":"https:\/\/jfb-stiftung.de\/st-paulus-stift-herxheim\/?p=4845"},"modified":"2022-10-07T10:33:16","modified_gmt":"2022-10-07T08:33:16","slug":"igelprojekt-der-tagesfoerderstaette-2","status":"publish","type":"post","link":"https:\/\/jfb-stiftung.de\/st-paulus-stift-herxheim\/igelprojekt-der-tagesfoerderstaette-2\/","title":{"rendered":"Igelprojekt der Tagesf\u00f6rderst\u00e4tte 2"},"content":{"rendered":"<p>Nach dem tollen Erfolg des Bienen-Projektes hat die Tagesf\u00f6rderst\u00e4tte 2 (Taf 2) ein gro\u00dfes Igel-Projekt ins Leben gerufen, dass zusammen mit den Bewohnerinnen und Bewohnern spielerisch und auf vielf\u00e4ltige Weise umgesetzt wird. Neben Geschichten und allem Wissenswerten zu den putzigen Gesellen wurden bereits sch\u00f6ne Igellaternen aus Tonkarton und alten PET-Flaschen gebastelt und kleine Igelchen gebacken. Au\u00dferdem fand schon ein Ausflug zu einer kleinen Igelf\u00fctterung statt, der den Bewohner*innen sehr viel Spa\u00df gemacht hat. Als n\u00e4chstes m\u00f6chten die engagierten Mitarbeiter*innen zusammen mit den Taf 2 Besucher*innen ein Winterquartier f\u00fcr die Igel auf dem Au\u00dfengel\u00e4nde des St. Paulus Stifts auf die Beine stellen. Durch zunehmende Urbanisierung wird es f\u00fcr die Igel immer schwerer geeignete Pl\u00e4tze zu finden in denen sie im Winter gut und sicher leben k\u00f6nnen. Wir sind gespannt auf das Resultat &#8211; der Spa\u00dffaktor ist auf jeden Fall garantiert.<\/p>\n<p><img decoding=\"async\" class=\"alignnone wp-image-4849\" src=\"https:\/\/jfb-stiftung.de\/st-paulus-stift-herxheim\/wp-content\/uploads\/sites\/3\/2022\/10\/Igelprojekt-6.jpg\" alt=\"\" width=\"199\" height=\"136\">\u00a0 \u00a0 <img decoding=\"async\" class=\"alignnone wp-image-4850\" src=\"https:\/\/jfb-stiftung.de\/st-paulus-stift-herxheim\/wp-content\/uploads\/sites\/3\/2022\/10\/Igelprojekt-4.jpg\" alt=\"\" width=\"181\" height=\"136\">\u00a0 <img decoding=\"async\" class=\"alignnone wp-image-4851\" src=\"https:\/\/jfb-stiftung.de\/st-paulus-stift-herxheim\/wp-content\/uploads\/sites\/3\/2022\/10\/Igelprojekt-5.jpg\" alt=\"\" width=\"160\" height=\"136\"><\/p>\n<p>&nbsp;<\/p>\n<p>&nbsp;<\/p>\n","protected":false},"excerpt":{"rendered":"<p>Nach dem tollen Erfolg des Bienen-Projektes hat die Tagesf\u00f6rderst\u00e4tte 2 (Taf 2) ein gro\u00dfes Igel-Projekt ins Leben gerufen, dass zusammen mit den Bewohnerinnen und Bewohnern spielerisch und auf vielf\u00e4ltige Weise \u2026<\/p>\n","protected":false},"author":2,"featured_media":4846,"comment_status":"closed","ping_status":"closed","sticky":false,"template":"","format":"standard","meta":{"_acf_changed":false,"footnotes":""},"categories":[32],"tags":[],"class_list":["post-4845","post","type-post","status-publish","format-standard","has-post-thumbnail","hentry","category-st-paulus-stift-herxheim-news"],"acf":[],"publishpress_future_action":{"enabled":false,"date":"2026-05-04 05:52:49","action":"change-status","newStatus":"draft","terms":[],"taxonomy":"category","extraData":[]},"publishpress_future_workflow_manual_trigger":{"enabledWorkflows":[]},"_links":{"self":[{"href":"https:\/\/jfb-stiftung.de\/st-paulus-stift-herxheim\/wp-json\/wp\/v2\/posts\/4845","targetHints":{"allow":["GET"]}}],"collection":[{"href":"https:\/\/jfb-stiftung.de\/st-paulus-stift-herxheim\/wp-json\/wp\/v2\/posts"}],"about":[{"href":"https:\/\/jfb-stiftung.de\/st-paulus-stift-herxheim\/wp-json\/wp\/v2\/types\/post"}],"author":[{"embeddable":true,"href":"https:\/\/jfb-stiftung.de\/st-paulus-stift-herxheim\/wp-json\/wp\/v2\/users\/2"}],"replies":[{"embeddable":true,"href":"https:\/\/jfb-stiftung.de\/st-paulus-stift-herxheim\/wp-json\/wp\/v2\/comments?post=4845"}],"version-history":[{"count":0,"href":"https:\/\/jfb-stiftung.de\/st-paulus-stift-herxheim\/wp-json\/wp\/v2\/posts\/4845\/revisions"}],"wp:featuredmedia":[{"embeddable":true,"href":"https:\/\/jfb-stiftung.de\/st-paulus-stift-herxheim\/wp-json\/wp\/v2\/media\/4846"}],"wp:attachment":[{"href":"https:\/\/jfb-stiftung.de\/st-paulus-stift-herxheim\/wp-json\/wp\/v2\/media?parent=4845"}],"wp:term":[{"taxonomy":"category","embeddable":true,"href":"https:\/\/jfb-stiftung.de\/st-paulus-stift-herxheim\/wp-json\/wp\/v2\/categories?post=4845"},{"taxonomy":"post_tag","embeddable":true,"href":"https:\/\/jfb-stiftung.de\/st-paulus-stift-herxheim\/wp-json\/wp\/v2\/tags?post=4845"}],"curies":[{"name":"wp","href":"https:\/\/api.w.org\/{rel}","templated":true}]}}