{"id":4825,"date":"2022-10-04T09:34:43","date_gmt":"2022-10-04T07:34:43","guid":{"rendered":"https:\/\/jfb-stiftung.de\/st-paulus-stift-herxheim\/?p=4825"},"modified":"2022-10-04T09:44:31","modified_gmt":"2022-10-04T07:44:31","slug":"doppeltes-fest-doppelter-spass","status":"publish","type":"post","link":"https:\/\/jfb-stiftung.de\/st-paulus-stift-herxheim\/doppeltes-fest-doppelter-spass\/","title":{"rendered":"Doppeltes Fest = doppelter Spa\u00df"},"content":{"rendered":"<p>2,5 Jahre, d.h. mindestens 30 Monate, 130 Wochen oder anders ausgedr\u00fcckt \u00fcber 600 Tage &amp; N\u00e4chte ist es her, seit das letzte Mal im St. Paulus Stift so richtig gefeiert werden konnte. Und weil das definitiv viel zu lange her ist, gab es am Mittwoch, den 28.9 ein Bewohner*innenfest und einen Tag sp\u00e4ter ein Mitarbeitendenfest. Eingel\u00e4utet wurden beide Feste zun\u00e4chst mit einem bunten und lebensfrohen Gottesdienst, der von Pfarrer Steffen Roth geleitet wurde und durch das Team der Musiktherapie musikalisch unterst\u00fctzt wurde &#8211; nat\u00fcrlich durften auch alle selbst mitsingen. In seiner Rede sprach Pfarrer Roth unter anderem von dem Wir-Gef\u00fchl, das wieder gest\u00e4rkt werden m\u00fcsse und das alle Wege gemeinsam sehr viel besser bestreitbar seien. \u201eBunt und vielf\u00e4ltig, so ist das St. Paulus Stift, so sind alle hier egal ob Bewohner*in oder Mitarbeiter*in. Die Freude im allt\u00e4glichen Leben bewahren ist durch die ganzen Krisen nicht immer einfach, aber umso leichter f\u00e4llt das Leben mit einem L\u00e4cheln auf den Lippen und der Erkenntnis, dass alle gemeinsam sich unterst\u00fctzen und einander helfen&#8220;, so der Pfarrer. Auch die stellvertretende Gesch\u00e4ftsbereichsleitung des St. Paulus Stifts Stefanie Herrmann fand sch\u00f6ne und passende Worte auf beiden Festen. Aufrichtig und herzlich dankte sie den Mitarbeiter*innen f\u00fcr ihren unerm\u00fcdlichen Einsatz in der Corona-Pandemie und den Bewohner*innen w\u00fcnschte sie von Herzen viel Spa\u00df beim Fest. Neben leckerem gemeinsamen Essen in der Aula, Diskomusik und jeder Spa\u00df gab es am Nachmittag noch ein besonderes Highlight f\u00fcr die Bewohner*innen: Eine kleine Zirkusshow mit viel Artistik und Akrobatik, die allen sichtlich sehr gefallen hat. Herzlichen Dank auch an das Organisationsduo von beiden Festen, Bereichsleitung Christine Henriqueto und Tagesf\u00f6rderst\u00e4tten-Leitung Daniela Stolleisen, die mit viel Herzblut zwei tolle Feste auf die Beine gestellt haben.<\/p>\n<div id=\"attachment_4830\" style=\"width: 473px\" class=\"wp-caption alignnone\"><img fetchpriority=\"high\" decoding=\"async\" aria-describedby=\"caption-attachment-4830\" class=\"wp-image-4830\" src=\"https:\/\/jfb-stiftung.de\/st-paulus-stift-herxheim\/wp-content\/uploads\/sites\/3\/2022\/10\/Bewohenrfest_Aula-1000x563.jpg\" alt=\"\" width=\"463\" height=\"261\" srcset=\"https:\/\/jfb-stiftung.de\/st-paulus-stift-herxheim\/wp-content\/uploads\/sites\/3\/2022\/10\/Bewohenrfest_Aula-1000x563.jpg 1000w, https:\/\/jfb-stiftung.de\/st-paulus-stift-herxheim\/wp-content\/uploads\/sites\/3\/2022\/10\/Bewohenrfest_Aula-1500x844.jpg 1500w, https:\/\/jfb-stiftung.de\/st-paulus-stift-herxheim\/wp-content\/uploads\/sites\/3\/2022\/10\/Bewohenrfest_Aula-768x432.jpg 768w, https:\/\/jfb-stiftung.de\/st-paulus-stift-herxheim\/wp-content\/uploads\/sites\/3\/2022\/10\/Bewohenrfest_Aula-1536x864.jpg 1536w, https:\/\/jfb-stiftung.de\/st-paulus-stift-herxheim\/wp-content\/uploads\/sites\/3\/2022\/10\/Bewohenrfest_Aula-2048x1153.jpg 2048w\" sizes=\"(max-width: 463px) 100vw, 463px\" \/><p id=\"caption-attachment-4830\" class=\"wp-caption-text\">Bewohner*innenfest<\/p><\/div>\n<div id=\"attachment_4831\" style=\"width: 470px\" class=\"wp-caption alignnone\"><img decoding=\"async\" aria-describedby=\"caption-attachment-4831\" class=\"wp-image-4831\" src=\"https:\/\/jfb-stiftung.de\/st-paulus-stift-herxheim\/wp-content\/uploads\/sites\/3\/2022\/10\/Balkon_Mitarbeiterinnen-1000x563.jpg\" alt=\"\" width=\"460\" height=\"259\" srcset=\"https:\/\/jfb-stiftung.de\/st-paulus-stift-herxheim\/wp-content\/uploads\/sites\/3\/2022\/10\/Balkon_Mitarbeiterinnen-1000x563.jpg 1000w, https:\/\/jfb-stiftung.de\/st-paulus-stift-herxheim\/wp-content\/uploads\/sites\/3\/2022\/10\/Balkon_Mitarbeiterinnen-1500x845.jpg 1500w, https:\/\/jfb-stiftung.de\/st-paulus-stift-herxheim\/wp-content\/uploads\/sites\/3\/2022\/10\/Balkon_Mitarbeiterinnen-768x432.jpg 768w, https:\/\/jfb-stiftung.de\/st-paulus-stift-herxheim\/wp-content\/uploads\/sites\/3\/2022\/10\/Balkon_Mitarbeiterinnen-1536x865.jpg 1536w, https:\/\/jfb-stiftung.de\/st-paulus-stift-herxheim\/wp-content\/uploads\/sites\/3\/2022\/10\/Balkon_Mitarbeiterinnen.jpg 2000w\" sizes=\"(max-width: 460px) 100vw, 460px\" \/><p id=\"caption-attachment-4831\" class=\"wp-caption-text\">Bewohner*innenfest<\/p><\/div>\n<div id=\"attachment_4832\" style=\"width: 577px\" class=\"wp-caption alignnone\"><img decoding=\"async\" aria-describedby=\"caption-attachment-4832\" class=\"wp-image-4832\" src=\"https:\/\/jfb-stiftung.de\/st-paulus-stift-herxheim\/wp-content\/uploads\/sites\/3\/2022\/10\/Zirkusvorstellung_Bewohnerfest_HX-1000x563.jpg\" alt=\"\" width=\"567\" height=\"319\" srcset=\"https:\/\/jfb-stiftung.de\/st-paulus-stift-herxheim\/wp-content\/uploads\/sites\/3\/2022\/10\/Zirkusvorstellung_Bewohnerfest_HX-1000x563.jpg 1000w, https:\/\/jfb-stiftung.de\/st-paulus-stift-herxheim\/wp-content\/uploads\/sites\/3\/2022\/10\/Zirkusvorstellung_Bewohnerfest_HX-1500x844.jpg 1500w, https:\/\/jfb-stiftung.de\/st-paulus-stift-herxheim\/wp-content\/uploads\/sites\/3\/2022\/10\/Zirkusvorstellung_Bewohnerfest_HX-768x432.jpg 768w, https:\/\/jfb-stiftung.de\/st-paulus-stift-herxheim\/wp-content\/uploads\/sites\/3\/2022\/10\/Zirkusvorstellung_Bewohnerfest_HX-1536x864.jpg 1536w, https:\/\/jfb-stiftung.de\/st-paulus-stift-herxheim\/wp-content\/uploads\/sites\/3\/2022\/10\/Zirkusvorstellung_Bewohnerfest_HX-2048x1153.jpg 2048w\" sizes=\"(max-width: 567px) 100vw, 567px\" \/><p id=\"caption-attachment-4832\" class=\"wp-caption-text\">Zirkusvorstellung Bewohner*innenfest<\/p><\/div>\n<div id=\"attachment_4833\" style=\"width: 281px\" class=\"wp-caption alignnone\"><img loading=\"lazy\" decoding=\"async\" aria-describedby=\"caption-attachment-4833\" class=\"wp-image-4833\" src=\"https:\/\/jfb-stiftung.de\/st-paulus-stift-herxheim\/wp-content\/uploads\/sites\/3\/2022\/10\/Steffi_Jan_Beowhnerfest-660x1000.jpg\" alt=\"\" width=\"271\" height=\"411\" srcset=\"https:\/\/jfb-stiftung.de\/st-paulus-stift-herxheim\/wp-content\/uploads\/sites\/3\/2022\/10\/Steffi_Jan_Beowhnerfest-660x1000.jpg 660w, https:\/\/jfb-stiftung.de\/st-paulus-stift-herxheim\/wp-content\/uploads\/sites\/3\/2022\/10\/Steffi_Jan_Beowhnerfest-792x1200.jpg 792w, https:\/\/jfb-stiftung.de\/st-paulus-stift-herxheim\/wp-content\/uploads\/sites\/3\/2022\/10\/Steffi_Jan_Beowhnerfest-768x1163.jpg 768w, https:\/\/jfb-stiftung.de\/st-paulus-stift-herxheim\/wp-content\/uploads\/sites\/3\/2022\/10\/Steffi_Jan_Beowhnerfest-1014x1536.jpg 1014w, https:\/\/jfb-stiftung.de\/st-paulus-stift-herxheim\/wp-content\/uploads\/sites\/3\/2022\/10\/Steffi_Jan_Beowhnerfest-1352x2048.jpg 1352w, https:\/\/jfb-stiftung.de\/st-paulus-stift-herxheim\/wp-content\/uploads\/sites\/3\/2022\/10\/Steffi_Jan_Beowhnerfest.jpg 1376w\" sizes=\"(max-width: 271px) 100vw, 271px\" \/><p id=\"caption-attachment-4833\" class=\"wp-caption-text\">Begr\u00fc\u00dfung Bewohner*innenfest durch stellv. Gesch\u00e4ftsbereichsleitung Stefanie Herrmann<\/p><\/div>\n<p>&nbsp;<\/p>\n<div id=\"attachment_4826\" style=\"width: 381px\" class=\"wp-caption alignnone\"><img loading=\"lazy\" decoding=\"async\" aria-describedby=\"caption-attachment-4826\" class=\"wp-image-4826\" src=\"https:\/\/jfb-stiftung.de\/st-paulus-stift-herxheim\/wp-content\/uploads\/sites\/3\/2022\/09\/Mitarbeiter_Aula_HX_Website-1000x750.jpg\" alt=\"\" width=\"371\" height=\"278\"><p id=\"caption-attachment-4826\" class=\"wp-caption-text\">Mitarbeitendenfest<\/p><\/div>\n<p>&nbsp;<\/p>\n","protected":false},"excerpt":{"rendered":"<p>2,5 Jahre, d.h. mindestens 30 Monate, 130 Wochen oder anders ausgedr\u00fcckt \u00fcber 600 Tage &amp; N\u00e4chte ist es her, seit das letzte Mal im St. Paulus Stift so richtig gefeiert \u2026<\/p>\n","protected":false},"author":2,"featured_media":4827,"comment_status":"closed","ping_status":"closed","sticky":false,"template":"","format":"standard","meta":{"_acf_changed":false,"footnotes":""},"categories":[32],"tags":[],"class_list":["post-4825","post","type-post","status-publish","format-standard","has-post-thumbnail","hentry","category-st-paulus-stift-herxheim-news"],"acf":[],"publishpress_future_action":{"enabled":false,"date":"2026-05-04 05:53:05","action":"change-status","newStatus":"draft","terms":[],"taxonomy":"category","extraData":[]},"publishpress_future_workflow_manual_trigger":{"enabledWorkflows":[]},"_links":{"self":[{"href":"https:\/\/jfb-stiftung.de\/st-paulus-stift-herxheim\/wp-json\/wp\/v2\/posts\/4825","targetHints":{"allow":["GET"]}}],"collection":[{"href":"https:\/\/jfb-stiftung.de\/st-paulus-stift-herxheim\/wp-json\/wp\/v2\/posts"}],"about":[{"href":"https:\/\/jfb-stiftung.de\/st-paulus-stift-herxheim\/wp-json\/wp\/v2\/types\/post"}],"author":[{"embeddable":true,"href":"https:\/\/jfb-stiftung.de\/st-paulus-stift-herxheim\/wp-json\/wp\/v2\/users\/2"}],"replies":[{"embeddable":true,"href":"https:\/\/jfb-stiftung.de\/st-paulus-stift-herxheim\/wp-json\/wp\/v2\/comments?post=4825"}],"version-history":[{"count":0,"href":"https:\/\/jfb-stiftung.de\/st-paulus-stift-herxheim\/wp-json\/wp\/v2\/posts\/4825\/revisions"}],"wp:featuredmedia":[{"embeddable":true,"href":"https:\/\/jfb-stiftung.de\/st-paulus-stift-herxheim\/wp-json\/wp\/v2\/media\/4827"}],"wp:attachment":[{"href":"https:\/\/jfb-stiftung.de\/st-paulus-stift-herxheim\/wp-json\/wp\/v2\/media?parent=4825"}],"wp:term":[{"taxonomy":"category","embeddable":true,"href":"https:\/\/jfb-stiftung.de\/st-paulus-stift-herxheim\/wp-json\/wp\/v2\/categories?post=4825"},{"taxonomy":"post_tag","embeddable":true,"href":"https:\/\/jfb-stiftung.de\/st-paulus-stift-herxheim\/wp-json\/wp\/v2\/tags?post=4825"}],"curies":[{"name":"wp","href":"https:\/\/api.w.org\/{rel}","templated":true}]}}