{"id":4665,"date":"2022-09-13T09:22:11","date_gmt":"2022-09-13T07:22:11","guid":{"rendered":"https:\/\/jfb-stiftung.de\/st-paulus-stift-herxheim\/podcast-ueber-das-arbeiten-im-haus-ruelzheim\/"},"modified":"2022-09-13T09:22:11","modified_gmt":"2022-09-13T07:22:11","slug":"podcast-ueber-das-arbeiten-im-haus-ruelzheim","status":"publish","type":"post","link":"https:\/\/jfb-stiftung.de\/st-paulus-stift-herxheim\/podcast-ueber-das-arbeiten-im-haus-ruelzheim\/","title":{"rendered":"Podcast \u00fcber das Arbeiten im Haus R\u00fclzheim"},"content":{"rendered":"<p>Zu Gast bei Hausleitung Birgit Fischer, Mitarbeiterin Christina Scherer und Mitarbeiter Christian Pfirrmann war kein Geringerer als der B\u00fcrgermeister der Verbandsgemeinde R\u00fclzheim Matthias Schardt. Unter dem Titel \u201eMatthias Schardt trifft..&#8220; ist der B\u00fcrgermeister im Gespr\u00e4ch mit bekannten Pers\u00f6nlichkeiten, engagierten B\u00fcrgern und Politikern aus der Verbandsgemeinde R\u00fclzheim. Auf Wunsch einer\/eines\u00a0 H\u00f6rerin\/H\u00f6rers war Matthias Schardt in Folge 5 der zweiten Staffel zu Gast in R\u00fclzheim, einer Au\u00dfenstelle des St. Paulus Stifts. Bei dem weit \u00fcber eine Stunde gehenden Gespr\u00e4ch der vier ging es um\u00a0Inklusion, die verschiedenen Angebote der Stiftung und \u00fcber die Herausforderungen bei der Nachwuchsgewinnung.<\/p>\n<p>Den ganzen Podcast zum Nachh\u00f6ren gibt es hier:<\/p>\n<p><a href=\"https:\/\/www.ruelzheim.de\/vg_ruelzheim\/de\/Verwaltung%20&amp;%20Gemeinden\/Aus%20dem%20Rathaus\/Presse-%20und%20%C3%96ffentlichkeitsarbeit\/Podcast\/S2E5.mp3\" rel=\"nofollow noopener\" target=\"_blank\">https:\/\/www.ruelzheim.de\/vg_ruelzheim\/de\/Verwaltung &amp; Gemeinden\/Aus dem Rathaus\/Presse- und \u00d6ffentlichkeitsarbeit\/Podcast\/S2E5.mp3<\/a><\/p>\n<p>&nbsp;<\/p>\n<p>&nbsp;<\/p>\n<p>&nbsp;<\/p>\n","protected":false},"excerpt":{"rendered":"<p>Zu Gast bei Hausleitung Birgit Fischer, Mitarbeiterin Christina Scherer und Mitarbeiter Christian Pfirrmann war kein Geringerer als der B\u00fcrgermeister der Verbandsgemeinde R\u00fclzheim Matthias Schardt. Unter dem Titel \u201eMatthias Schardt trifft..&#8220; \u2026<\/p>\n","protected":false},"author":2,"featured_media":4666,"comment_status":"closed","ping_status":"closed","sticky":false,"template":"","format":"standard","meta":{"_acf_changed":false,"footnotes":""},"categories":[32],"tags":[],"class_list":["post-4665","post","type-post","status-publish","format-standard","has-post-thumbnail","hentry","category-st-paulus-stift-herxheim-news"],"acf":[],"publishpress_future_action":{"enabled":false,"date":"2026-05-04 07:14:19","action":"change-status","newStatus":"draft","terms":[],"taxonomy":"category","extraData":[]},"publishpress_future_workflow_manual_trigger":{"enabledWorkflows":[]},"_links":{"self":[{"href":"https:\/\/jfb-stiftung.de\/st-paulus-stift-herxheim\/wp-json\/wp\/v2\/posts\/4665","targetHints":{"allow":["GET"]}}],"collection":[{"href":"https:\/\/jfb-stiftung.de\/st-paulus-stift-herxheim\/wp-json\/wp\/v2\/posts"}],"about":[{"href":"https:\/\/jfb-stiftung.de\/st-paulus-stift-herxheim\/wp-json\/wp\/v2\/types\/post"}],"author":[{"embeddable":true,"href":"https:\/\/jfb-stiftung.de\/st-paulus-stift-herxheim\/wp-json\/wp\/v2\/users\/2"}],"replies":[{"embeddable":true,"href":"https:\/\/jfb-stiftung.de\/st-paulus-stift-herxheim\/wp-json\/wp\/v2\/comments?post=4665"}],"version-history":[{"count":0,"href":"https:\/\/jfb-stiftung.de\/st-paulus-stift-herxheim\/wp-json\/wp\/v2\/posts\/4665\/revisions"}],"wp:featuredmedia":[{"embeddable":true,"href":"https:\/\/jfb-stiftung.de\/st-paulus-stift-herxheim\/wp-json\/wp\/v2\/media\/4666"}],"wp:attachment":[{"href":"https:\/\/jfb-stiftung.de\/st-paulus-stift-herxheim\/wp-json\/wp\/v2\/media?parent=4665"}],"wp:term":[{"taxonomy":"category","embeddable":true,"href":"https:\/\/jfb-stiftung.de\/st-paulus-stift-herxheim\/wp-json\/wp\/v2\/categories?post=4665"},{"taxonomy":"post_tag","embeddable":true,"href":"https:\/\/jfb-stiftung.de\/st-paulus-stift-herxheim\/wp-json\/wp\/v2\/tags?post=4665"}],"curies":[{"name":"wp","href":"https:\/\/api.w.org\/{rel}","templated":true}]}}