{"id":4604,"date":"2022-08-08T10:37:25","date_gmt":"2022-08-08T08:37:25","guid":{"rendered":"https:\/\/jfb-stiftung.de\/st-paulus-stift-herxheim\/kreativprojekt-prinzessin-pauline-ein-traum-in-gruen\/"},"modified":"2022-08-08T10:37:25","modified_gmt":"2022-08-08T08:37:25","slug":"kreativprojekt-prinzessin-pauline-ein-traum-in-gruen","status":"publish","type":"post","link":"https:\/\/jfb-stiftung.de\/st-paulus-stift-herxheim\/kreativprojekt-prinzessin-pauline-ein-traum-in-gruen\/","title":{"rendered":"Kreativprojekt: Prinzessin Pauline &#8222;Ein Traum in Gr\u00fcn&#8220;"},"content":{"rendered":"<p>Dieses phantasievolle Outfit von Holzfigur \u201ePrinzessin Pauline&#8220; haben wir dieses Mal den Mitarbeitenden der Tagesf\u00f6rderst\u00e4tte 6 sowie nat\u00fcrlich den Besucherinnen und Besuchern dieser Gruppe zu verdanken. Im Eingangsbereich des St. Paulus Stifts direkt neben der Sitzgruppe mit den duftenden Grasb\u00e4llchen f\u00fcgt sich der neue gr\u00fcne Look von Prinzessin Pauline perfekt ein. Entstanden ist die Idee eine solche Holzfigur anfertigen zu lassen und immer wieder neue Outfits zusammen mit den Bewohnerinnen und Bewohner zu kreieren, in Zeiten der Corona-Pandemie. Engagierte Mitarbeiter*innen haben nach einer coronakonformen L\u00f6sung gesucht weiter kreativ arbeiten zu k\u00f6nnen. \u201ePrinzessin Pauline&#8220; ist seit gut einem Jahr ein fester Bestandteil der Kreativarbeit des St. Paulus Stifts und immer wieder hat sie Besucher*innen, Bewohner*innen und Mitarbeiter*innen mit ihren Outfits \u00fcberrascht. Ob eher rockig, blumig, ganz in Zeitungen geh\u00fcllt oder eben jetzt in einem sommerlichen gr\u00fcn &#8211; der Kreativit\u00e4t sind keine Grenzen gesetzt. Egal, welches Dress Pauline tr\u00e4gt, wir finden, ihr steht einfach alles.<\/p>\n<p>&nbsp;<\/p>\n<p><img fetchpriority=\"high\" decoding=\"async\" class=\"size-full wp-image-4605 aligncenter\" src=\"https:\/\/jfb-stiftung.de\/st-paulus-stift-herxheim\/wp-content\/uploads\/sites\/3\/2022\/08\/Collage_vier-Holzfrauen_lo.png\" alt=\"\" width=\"1000\" height=\"412\" srcset=\"https:\/\/jfb-stiftung.de\/st-paulus-stift-herxheim\/wp-content\/uploads\/sites\/3\/2022\/08\/Collage_vier-Holzfrauen_lo.png 1000w, https:\/\/jfb-stiftung.de\/st-paulus-stift-herxheim\/wp-content\/uploads\/sites\/3\/2022\/08\/Collage_vier-Holzfrauen_lo-768x316.png 768w\" sizes=\"(max-width: 1000px) 100vw, 1000px\" \/><\/p>\n","protected":false},"excerpt":{"rendered":"<p>Dieses phantasievolle Outfit von Holzfigur \u201ePrinzessin Pauline&#8220; haben wir dieses Mal den Mitarbeitenden der Tagesf\u00f6rderst\u00e4tte 6 sowie nat\u00fcrlich den Besucherinnen und Besuchern dieser Gruppe zu verdanken. Im Eingangsbereich des St. \u2026<\/p>\n","protected":false},"author":2,"featured_media":4606,"comment_status":"closed","ping_status":"closed","sticky":false,"template":"","format":"standard","meta":{"_acf_changed":false,"footnotes":""},"categories":[32],"tags":[],"class_list":["post-4604","post","type-post","status-publish","format-standard","has-post-thumbnail","hentry","category-st-paulus-stift-herxheim-news"],"acf":[],"publishpress_future_action":{"enabled":false,"date":"2026-05-04 07:14:07","action":"change-status","newStatus":"draft","terms":[],"taxonomy":"category","extraData":[]},"publishpress_future_workflow_manual_trigger":{"enabledWorkflows":[]},"_links":{"self":[{"href":"https:\/\/jfb-stiftung.de\/st-paulus-stift-herxheim\/wp-json\/wp\/v2\/posts\/4604","targetHints":{"allow":["GET"]}}],"collection":[{"href":"https:\/\/jfb-stiftung.de\/st-paulus-stift-herxheim\/wp-json\/wp\/v2\/posts"}],"about":[{"href":"https:\/\/jfb-stiftung.de\/st-paulus-stift-herxheim\/wp-json\/wp\/v2\/types\/post"}],"author":[{"embeddable":true,"href":"https:\/\/jfb-stiftung.de\/st-paulus-stift-herxheim\/wp-json\/wp\/v2\/users\/2"}],"replies":[{"embeddable":true,"href":"https:\/\/jfb-stiftung.de\/st-paulus-stift-herxheim\/wp-json\/wp\/v2\/comments?post=4604"}],"version-history":[{"count":0,"href":"https:\/\/jfb-stiftung.de\/st-paulus-stift-herxheim\/wp-json\/wp\/v2\/posts\/4604\/revisions"}],"wp:featuredmedia":[{"embeddable":true,"href":"https:\/\/jfb-stiftung.de\/st-paulus-stift-herxheim\/wp-json\/wp\/v2\/media\/4606"}],"wp:attachment":[{"href":"https:\/\/jfb-stiftung.de\/st-paulus-stift-herxheim\/wp-json\/wp\/v2\/media?parent=4604"}],"wp:term":[{"taxonomy":"category","embeddable":true,"href":"https:\/\/jfb-stiftung.de\/st-paulus-stift-herxheim\/wp-json\/wp\/v2\/categories?post=4604"},{"taxonomy":"post_tag","embeddable":true,"href":"https:\/\/jfb-stiftung.de\/st-paulus-stift-herxheim\/wp-json\/wp\/v2\/tags?post=4604"}],"curies":[{"name":"wp","href":"https:\/\/api.w.org\/{rel}","templated":true}]}}